{"id":3265,"date":"2020-10-19T17:36:02","date_gmt":"2020-10-19T15:36:02","guid":{"rendered":"http:\/\/jnr-cpl.com\/?p=3265"},"modified":"2020-10-19T17:36:02","modified_gmt":"2020-10-19T15:36:02","slug":"lancien-resistant-lucien-miral-est-decede","status":"publish","type":"post","link":"http:\/\/jnr-cpl.com\/?p=3265","title":{"rendered":"L&rsquo;ancien r\u00e9sistant Lucien Miral est d\u00e9c\u00e9d\u00e9"},"content":{"rendered":"<div class=\"rubedo-block-pave-haut ng-scope\">\n<div class=\"rubedo-block-nr ng-scope true\">\n<div class=\"nrco_pub_dfp Pave_Haut\"><img loading=\"lazy\" decoding=\"async\" class=\"alignnone size-full wp-image-3271\" src=\"http:\/\/jnr-cpl.com\/wp-content\/uploads\/2020\/10\/Capture-d\u2019e\u0301cran-2020-10-19-a\u0300-17.35.26.png\" alt=\"\" width=\"616\" height=\"584\" srcset=\"http:\/\/jnr-cpl.com\/wp-content\/uploads\/2020\/10\/Capture-d\u2019e\u0301cran-2020-10-19-a\u0300-17.35.26.png 616w, http:\/\/jnr-cpl.com\/wp-content\/uploads\/2020\/10\/Capture-d\u2019e\u0301cran-2020-10-19-a\u0300-17.35.26-300x284.png 300w, http:\/\/jnr-cpl.com\/wp-content\/uploads\/2020\/10\/Capture-d\u2019e\u0301cran-2020-10-19-a\u0300-17.35.26-285x270.png 285w\" sizes=\"auto, (max-width: 616px) 100vw, 616px\" \/><\/div>\n<\/div>\n<\/div>\n<div>\n<div class=\"wysiwyg paywall clearfix\">\n<div class=\"rubedo-field-inner\">\n<div class=\"ng-scope\">\n<div class=\"ng-scope\">\n<div class=\"wrapper-rubedo-field ng-scope\">\n<div class=\"rubedo-field-inner\">\n<div class=\"ng-scope\">\n<div class=\"ng-scope\">\n<div class=\"ng-scope\">Lucien est n\u00e9 \u00e0 Paris le 16\u00a0septembre 1921. Devenu orphelin, il entre dans un centre de jeunesse \u00e0 l\u2019\u00e9cole foresti\u00e8re des Barres. Le jeune homme est bient\u00f4t pris dans la tourmente de la guerre. \u00c0 la d\u00e9b\u00e2cle, Lucien fuit Paris. Il passe au centre d\u2019incorporation des arm\u00e9es de Blois o\u00f9 il s\u2019engage pour le 10e r\u00e9giment de chasseurs d\u2019Afrique \u00e0 Mekn\u00e8s, au Maroc. Son engagement est transform\u00e9 et il int\u00e8gre le 8e r\u00e9giment de cuirassiers, le 18\u00a0novembre 1941, bas\u00e9 dans la caserne Bertrand, \u00e0 Ch\u00e2teauroux. Des liens de camaraderie se lient avec un certain Batiste Chaumard lui aussi engag\u00e9, habitant au lieu-dit \u00ab\u00a0Les Brandes\u00a0\u00bb, \u00e0 Crevant.<br \/>\n<span class=\"Relance\">Sportif, peintre et citoyen investi <\/span>Les \u00e9v\u00e9nements vont vite, l\u2019arm\u00e9e allemande entre en zone libre, leur chef de corps leur conseille de fuir et c\u2019est \u00e0 Crevant, avec son camarade Chaumard, qu\u2019il se retrouve en clandestinit\u00e9. Lucien est h\u00e9berg\u00e9 chez Mme Ballaire. Il devient r\u00e9fractaire d\u00e8s le 5\u00a0avril 1943, entre dans la r\u00e9sistance, dans le groupe Chauffour, bas\u00e9 \u00e0 Crevant, et rejoint ensuite le groupe Indre Est au bois de Montpeget, suivi de l\u2019incorporation aux Forces fran\u00e7aises de l\u2019int\u00e9rieur Indre, du 6\u00a0juin 1944 au 10\u00a0septembre 1944. Il participe \u00e0 diverses missions, dont le parachutage de Peuparon. Rappel\u00e9 le 20\u00a0d\u00e9cembre 1944 au 12e escadron du train, caserne Ruby, \u00e0 Ch\u00e2teauroux, il est d\u00e9mobilis\u00e9.<br \/>\nLucien \u00e9tait titulaire de la carte de r\u00e9fractaire remis par le pr\u00e9fet de l\u2019Indre en date du 31\u00a0janvier 1963. La m\u00e9daille du r\u00e9fractaire lui a \u00e9t\u00e9 remise le 8\u00a0mai 2011. Il \u00e9tait titulaire aussi de la croix du combattant volontaire.<br \/>\nLa guerre termin\u00e9e, il se marie en 1946 avec Madeleine Ballaire. En 1950 na\u00eetra leur fils, Serge. La famille s\u2019installe d\u00e9finitivement \u00e0 Crevant. Lucien travaille dans une imprimerie puis il devient repr\u00e9sentant avant de mettre ses comp\u00e9tences au service d\u2019une entreprise de mat\u00e9riel agricole et de travaux publics o\u00f9 il reste durant vingt-trois ans.<br \/>\nLucien a particip\u00e9 \u00e0 l\u2019essor associatif de la commune en tant que membre actif mais aussi en assurant plusieurs pr\u00e9sidences dont celle du comit\u00e9 des f\u00eates. Joueur de foot amateur d\u2019apr\u00e8s-guerre, sollicit\u00e9 par son ami Pierre qui voulait cr\u00e9er une association sportive, il r\u00e9pondait pr\u00e9sent. L\u2019association fut cr\u00e9\u00e9e et Lucien en prit tout de suite la pr\u00e9sidence en 1964, pour la tenir jusqu\u2019en 1990.<br \/>\nIl fut aussi pr\u00e9sident de l\u2019association de p\u00e9tanque locale mais aussi pr\u00e9sident d\u00e9partemental de la commission de p\u00e9tanque Ufolep pendant dix ans, puis pr\u00e9sident d\u2019honneur ensuite. Il re\u00e7ut \u00e0 ce titre la m\u00e9daille d\u2019argent de la Jeunesse et des sports.<br \/>\nLucien a aussi assur\u00e9 la pr\u00e9sidence de la section ACPG jusqu\u2019en 2009 avant de fusionner avec la section UNC-AFN dont il deviendra pr\u00e9sident d\u2019honneur. \u00c0 la retraite, Lucien d\u00e9cide de prendre des cours de gouache \u00e0 la MJC\u00a0; il devient un ma\u00eetre au fil du temps. D\u00e9sireux de toujours participer \u00e0 la vie associative de la commune, il a accept\u00e9 de faire partager ses connaissances et dispensa b\u00e9n\u00e9volement des cours. Les obs\u00e8ques du dernier r\u00e9sistant de la commune, mais aussi du citoyen jovial, ont \u00e9t\u00e9 c\u00e9l\u00e9br\u00e9es jeudi 8\u00a0octobre.<\/div>\n<\/div>\n<\/div>\n<\/div>\n<\/div>\n<\/div>\n<\/div>\n<\/div>\n<\/div>\n<\/div>\n","protected":false},"excerpt":{"rendered":"<p>Lucien est n\u00e9 \u00e0 Paris le 16\u00a0septembre 1921. Devenu orphelin, il entre dans un centre de jeunesse \u00e0 l\u2019\u00e9cole foresti\u00e8re des Barres. Le jeune homme est bient\u00f4t pris dans la tourmente de la guerre. \u00c0 la d\u00e9b\u00e2cle, Lucien fuit Paris. Il passe au centre d\u2019incorporation des arm\u00e9es de Blois o\u00f9 il s\u2019engage pour le 10e &hellip; <\/p>\n<p class=\"read-more\"><a class=\"btn btn-default\" href=\"http:\/\/jnr-cpl.com\/?p=3265\"> Read More<span class=\"screen-reader-text\">  Read More<\/span><\/a><\/p>\n","protected":false},"author":1,"featured_media":0,"comment_status":"closed","ping_status":"open","sticky":false,"template":"","format":"standard","meta":{"footnotes":""},"categories":[18],"tags":[],"class_list":["post-3265","post","type-post","status-publish","format-standard","hentry","category-actualite-de-la-resistance"],"_links":{"self":[{"href":"http:\/\/jnr-cpl.com\/index.php?rest_route=\/wp\/v2\/posts\/3265","targetHints":{"allow":["GET"]}}],"collection":[{"href":"http:\/\/jnr-cpl.com\/index.php?rest_route=\/wp\/v2\/posts"}],"about":[{"href":"http:\/\/jnr-cpl.com\/index.php?rest_route=\/wp\/v2\/types\/post"}],"author":[{"embeddable":true,"href":"http:\/\/jnr-cpl.com\/index.php?rest_route=\/wp\/v2\/users\/1"}],"replies":[{"embeddable":true,"href":"http:\/\/jnr-cpl.com\/index.php?rest_route=%2Fwp%2Fv2%2Fcomments&post=3265"}],"version-history":[{"count":1,"href":"http:\/\/jnr-cpl.com\/index.php?rest_route=\/wp\/v2\/posts\/3265\/revisions"}],"predecessor-version":[{"id":3272,"href":"http:\/\/jnr-cpl.com\/index.php?rest_route=\/wp\/v2\/posts\/3265\/revisions\/3272"}],"wp:attachment":[{"href":"http:\/\/jnr-cpl.com\/index.php?rest_route=%2Fwp%2Fv2%2Fmedia&parent=3265"}],"wp:term":[{"taxonomy":"category","embeddable":true,"href":"http:\/\/jnr-cpl.com\/index.php?rest_route=%2Fwp%2Fv2%2Fcategories&post=3265"},{"taxonomy":"post_tag","embeddable":true,"href":"http:\/\/jnr-cpl.com\/index.php?rest_route=%2Fwp%2Fv2%2Ftags&post=3265"}],"curies":[{"name":"wp","href":"https:\/\/api.w.org\/{rel}","templated":true}]}}