{"id":3264,"date":"2020-10-19T17:34:17","date_gmt":"2020-10-19T15:34:17","guid":{"rendered":"http:\/\/jnr-cpl.com\/?p=3264"},"modified":"2020-10-19T17:34:17","modified_gmt":"2020-10-19T15:34:17","slug":"16-octobre-1943-rafle-du-ghetto-de-rome","status":"publish","type":"post","link":"http:\/\/jnr-cpl.com\/?p=3264","title":{"rendered":"16 octobre 1943 : Rafle du ghetto de Rome."},"content":{"rendered":"<div class=\"dati1w0a hv4rvrfc osnr6wyh\">\n<div class=\"btwxx1t3 j83agx80 cwj9ozl2\">\n<div class=\"j83agx80 cbu4d94t ew0dbk1b irj2b8pg\">\n<div class=\"qzhwtbm6 knvmm38d\"><\/div>\n<\/div>\n<\/div>\n<\/div>\n<div class=\"\" dir=\"auto\">\n<div class=\"\" dir=\"auto\">\n<div class=\"ecm0bbzt hv4rvrfc ihqw7lf3 dati1w0a\" data-ad-comet-preview=\"message\" data-ad-preview=\"message\">\n<div class=\"j83agx80 cbu4d94t ew0dbk1b irj2b8pg\">\n<div class=\"qzhwtbm6 knvmm38d\">\n<div class=\"kvgmc6g5 cxmmr5t8 oygrvhab hcukyx3x c1et5uql ii04i59q\">\n<div dir=\"auto\"><\/div>\n<\/div>\n<div class=\"o9v6fnle cxmmr5t8 oygrvhab hcukyx3x c1et5uql ii04i59q\">\n<div dir=\"auto\"><strong>Le saviez-vous?<\/strong><\/div>\n<div dir=\"auto\"><\/div>\n<\/div>\n<div class=\"o9v6fnle cxmmr5t8 oygrvhab hcukyx3x c1et5uql ii04i59q\">\n<div dir=\"auto\">\u00c0 l&rsquo;aube du samedi 16 octobre 1943, jour choisi sp\u00e9cialement car f\u00e9ri\u00e9 pour les Juifs, plus de 350 hommes de la police allemande, sous les ordres de 14 officiers et sous-officiers effectuent une rafle dans le ghetto de la communaut\u00e9 juive romaine, principalement dans la Via del Portico d&rsquo;Ottavia et les rues adjacentes, ainsi que dans d&rsquo;autres quartiers de Rome. Aucun italien n&rsquo;\u00e9taient estim\u00e9 digne de confiance pour effectuer cette t\u00e2che.<\/div>\n<div dir=\"auto\">Le dimanche 17 septembre, un fonctionnaire du Vatican se rendit au Collegio Militare, se limitant \u00e0 demander la lib\u00e9ration des Juifs baptis\u00e9s. Cette requ\u00eate fut rejet\u00e9e car, sur la base de la l\u00e9gislation allemande en vigueur \u00e0 l&rsquo;\u00e9poque, les Juifs convertis appartenaient toujours \u00e0 la race juive.<\/div>\n<div dir=\"auto\">Les personnes arr\u00eat\u00e9es furent transf\u00e9r\u00e9es \u00e0 la gare de Rome Tiburtina, charg\u00e9es sur un convoi compos\u00e9 de 18 wagons \u00e0 b\u00e9tail.<\/div>\n<div dir=\"auto\">Le convoi, parti le lundi 18 octobre \u00e0 14h05, arriva au camp d&rsquo;Auschwitz le 22 octobre \u00e0 23h. Les d\u00e9port\u00e9s rest\u00e8rent enferm\u00e9s dans les wagons jusqu&rsquo;\u00e0 l&rsquo;aube.<\/div>\n<div dir=\"auto\">Une fois sortis des wagons, les d\u00e9port\u00e9s furent divis\u00e9s en deux colonnes : d&rsquo;un c\u00f4t\u00e9 820 personnes jug\u00e9es physiquement inaptes au travail et de l&rsquo;autre 154 hommes et 47 femmes d\u00e9clar\u00e9es physiquement sains. Les 820 personnes du premier groupe furent imm\u00e9diatement conduites dans les chambres \u00e0 gaz nomm\u00e9es \u00ab zone douche \u00bb. Le jour m\u00eame, leurs cadavres lav\u00e9s avec un jet d&rsquo;eau et priv\u00e9s des dents en or furent br\u00fbl\u00e9s dans les fours cr\u00e9matoires.<\/div>\n<\/div>\n<div class=\"o9v6fnle cxmmr5t8 oygrvhab hcukyx3x c1et5uql ii04i59q\">\n<div dir=\"auto\">Ceux du deuxi\u00e8me groupe furent transf\u00e9r\u00e9s dans d&rsquo;autres camps d&rsquo;extermination. Les juifs qui rest\u00e8rent \u00e0 Auschwitz p\u00e9rirent tous.<\/div>\n<div dir=\"auto\">\u00c0 la fin du conflit, seuls 15 hommes et une femme retourn\u00e8rent en Italie.<\/div>\n<\/div>\n<div class=\"o9v6fnle cxmmr5t8 oygrvhab hcukyx3x c1et5uql ii04i59q\">\n<div dir=\"auto\">Lors des rafles suivantes, la majorit\u00e9 des juifs parvint \u00e0 se cacher, souvent aid\u00e9s par la population italienne.<\/div>\n<\/div>\n<div class=\"o9v6fnle cxmmr5t8 oygrvhab hcukyx3x c1et5uql ii04i59q\">\n<div dir=\"auto\">Ci-dessous, une photo de Lello di Segni, dernier survivant de la rafle du 16 octobre 1943, d\u00e9c\u00e9d\u00e9 le 26 octobre 2018 \u00e0 l\u2019\u00e2ge de 91 ans. <span class=\"pq6dq46d tbxw36s4 knj5qynh kvgmc6g5 ditlmg2l oygrvhab nvdbi5me sf5mxxl7 gl3lb2sf hhz5lgdu\"><img loading=\"lazy\" decoding=\"async\" src=\"https:\/\/static.xx.fbcdn.net\/images\/emoji.php\/v9\/t1f\/1\/16\/1f41d.png\" alt=\"\ud83d\udc1d\" width=\"16\" height=\"16\" \/><\/span><\/div>\n<\/div>\n<\/div>\n<\/div>\n<\/div>\n<\/div>\n<\/div>\n","protected":false},"excerpt":{"rendered":"<p>Le saviez-vous? \u00c0 l&rsquo;aube du samedi 16 octobre 1943, jour choisi sp\u00e9cialement car f\u00e9ri\u00e9 pour les Juifs, plus de 350 hommes de la police allemande, sous les ordres de 14 officiers et sous-officiers effectuent une rafle dans le ghetto de la communaut\u00e9 juive romaine, principalement dans la Via del Portico d&rsquo;Ottavia et les rues adjacentes, &hellip; <\/p>\n<p class=\"read-more\"><a class=\"btn btn-default\" href=\"http:\/\/jnr-cpl.com\/?p=3264\"> Read More<span class=\"screen-reader-text\">  Read More<\/span><\/a><\/p>\n","protected":false},"author":1,"featured_media":0,"comment_status":"closed","ping_status":"open","sticky":false,"template":"","format":"standard","meta":{"footnotes":""},"categories":[19],"tags":[],"class_list":["post-3264","post","type-post","status-publish","format-standard","hentry","category-actualite-de-la-deportation"],"_links":{"self":[{"href":"http:\/\/jnr-cpl.com\/index.php?rest_route=\/wp\/v2\/posts\/3264","targetHints":{"allow":["GET"]}}],"collection":[{"href":"http:\/\/jnr-cpl.com\/index.php?rest_route=\/wp\/v2\/posts"}],"about":[{"href":"http:\/\/jnr-cpl.com\/index.php?rest_route=\/wp\/v2\/types\/post"}],"author":[{"embeddable":true,"href":"http:\/\/jnr-cpl.com\/index.php?rest_route=\/wp\/v2\/users\/1"}],"replies":[{"embeddable":true,"href":"http:\/\/jnr-cpl.com\/index.php?rest_route=%2Fwp%2Fv2%2Fcomments&post=3264"}],"version-history":[{"count":1,"href":"http:\/\/jnr-cpl.com\/index.php?rest_route=\/wp\/v2\/posts\/3264\/revisions"}],"predecessor-version":[{"id":3269,"href":"http:\/\/jnr-cpl.com\/index.php?rest_route=\/wp\/v2\/posts\/3264\/revisions\/3269"}],"wp:attachment":[{"href":"http:\/\/jnr-cpl.com\/index.php?rest_route=%2Fwp%2Fv2%2Fmedia&parent=3264"}],"wp:term":[{"taxonomy":"category","embeddable":true,"href":"http:\/\/jnr-cpl.com\/index.php?rest_route=%2Fwp%2Fv2%2Fcategories&post=3264"},{"taxonomy":"post_tag","embeddable":true,"href":"http:\/\/jnr-cpl.com\/index.php?rest_route=%2Fwp%2Fv2%2Ftags&post=3264"}],"curies":[{"name":"wp","href":"https:\/\/api.w.org\/{rel}","templated":true}]}}