{"id":3250,"date":"2020-10-12T15:39:58","date_gmt":"2020-10-12T13:39:58","guid":{"rendered":"http:\/\/jnr-cpl.com\/?p=3250"},"modified":"2020-10-12T15:39:58","modified_gmt":"2020-10-12T13:39:58","slug":"1940-les-parisiens-dans-lexode","status":"publish","type":"post","link":"http:\/\/jnr-cpl.com\/?p=3250","title":{"rendered":"1940\u00a0: LES PARISIENS DANS L&rsquo;EXODE"},"content":{"rendered":"<p align=\"center\"><img loading=\"lazy\" decoding=\"async\" class=\"alignnone size-full wp-image-3261\" src=\"http:\/\/jnr-cpl.com\/wp-content\/uploads\/2020\/10\/unnamed-1.jpg\" alt=\"\" width=\"715\" height=\"497\" srcset=\"http:\/\/jnr-cpl.com\/wp-content\/uploads\/2020\/10\/unnamed-1.jpg 715w, http:\/\/jnr-cpl.com\/wp-content\/uploads\/2020\/10\/unnamed-1-300x209.jpg 300w, http:\/\/jnr-cpl.com\/wp-content\/uploads\/2020\/10\/unnamed-1-388x270.jpg 388w\" sizes=\"auto, (max-width: 715px) 100vw, 715px\" \/><\/p>\n<p style=\"text-align: left;\" align=\"center\"><strong>Actuellement : premi\u00e8re exposition temporaire<\/strong><u><\/u><u><\/u><\/p>\n<p style=\"text-align: left;\" align=\"center\"><strong><i>1940\u00a0: LES PARISIENS DANS L&rsquo;EXODE<\/i><\/strong><\/p>\n<p style=\"text-align: left;\" align=\"center\"><strong>jusqu&rsquo;au 13 d\u00e9cembre 2020<\/strong><\/p>\n<p style=\"text-align: left;\" align=\"center\"><strong>Inaugur\u00e9 le 25 ao\u00fbt 2019 \u00e0 l\u2019occasion du 75<sup>e<\/sup> anniversaire de la Lib\u00e9ration de Paris, le mus\u00e9e\u00a0de la Lib\u00e9ration de Paris \u2013 mus\u00e9e du g\u00e9n\u00e9ral Leclerc \u2013 mus\u00e9e Jean Moulin retrace, dans sa premi\u00e8re\u00a0exposition temporaire, l\u2019\u00e9pisode tragique de l\u2019exode v\u00e9cu par les Parisiens en juin 1940. Alors que cette ann\u00e9e a lieu la comm\u00e9moration de cette p\u00e9riode charni\u00e8re dans l\u2019histoire de la France, des archives,\u00a0photographies, films, dessins et t\u00e9moignages r\u00e9unis pour la premi\u00e8re fois dans une exposition, \u00e9clairent\u00a0ce traumatisme collectif.<\/strong><\/p>\n<p>Juin 1940 : il y a 80 ans, Belges, Luxembourgeois et Fran\u00e7ais partent sur les routes, fuyant l\u2019avanc\u00e9e des\u00a0troupes allemandes.<\/p>\n<p>Deux millions d\u2019hommes, de femmes et d\u2019enfants quittent Paris en quelques jours&#8230; Ils rejoignent les six millions\u00a0de personnes d\u00e9j\u00e0 prises dans la tourmente. Ce mouvement de masse vers le sud ou l\u2019ouest de la France prend\u00a0de telles proportions que la r\u00e9f\u00e9rence \u00e0 la Bible s\u2019impose rapidement pour le nommer : l\u2019exode.<br \/>\nAu fil du parcours les principales origines de ce mouvement de panique in\u00e9dit\u00a0sont expliqu\u00e9es. Les imaginaires des Parisiens, comme ceux de tous les Fran\u00e7ais,\u00a0ont \u00e9t\u00e9 nourris par les descriptions des violences \u00e0 l\u2019encontre des civils lors des\u00a0pr\u00e9c\u00e9dentes guerres. Par ailleurs, les pouvoirs publics ont pr\u00e9par\u00e9 une guerre\u00a0d\u00e9fensive, sans prendre en compte l\u2019\u00e9ventualit\u00e9 d\u2019une invasion ennemie sur le\u00a0territoire fran\u00e7ais jusqu\u2019\u00e0 la capitale.<\/p>\n<p>COMMISSAIRES :<\/p>\n<p>Hanna Diamond, historienne, professeur \u00e0 l&rsquo;universit\u00e9 de Cardiff, auteur de l&rsquo;ouvrage\u00a0: \u00ab\u00a0Fleeing Hitler\u00a0\u00bb ; Sylvie Zaidman, historienne, conservatrice en chef, directrice du mus\u00e9e de la Lib\u00e9ration de Paris \u2013 mus\u00e9e du g\u00e9n\u00e9ral Leclerc \u2013 mus\u00e9e Jean Moulin.<\/p>\n<p>L\u2019accent est mis sur une exp\u00e9rience collective faite de millions d\u2019histoires\u00a0individuelles, m\u00ealant les Parisiens aux autres Fran\u00e7ais, aux Belges ou aux\u00a0Luxembourgeois.<\/p>\n<p>PHOTOGRAPHIES ET FILMS D&rsquo;ARCHIVES M\u00c9CONNUS<\/p>\n<p>En s&rsquo;appuyant sur des films d&rsquo;\u00e9poque, des t\u00e9moignages, des dessins &#8211; d&rsquo;enfants notamment &#8211; et des archives, les commissaires ont choisi de plonger le visiteur dans cette p\u00e9riode singuli\u00e8re de l&rsquo;histoire. Il d\u00e9couvre peu \u00e0 peu le sentiment d&rsquo;urgence qui saisit les Parisiens et leur d\u00e9part en catastrophe pour se retrouver dans la masse de r\u00e9fugi\u00e9s qui encombrent les routes. \u00ab\u00a01940\u00a0: les Parisiens dans l&rsquo;exode\u00a0\u00bb permet de suivre les itin\u00e9raires de quatre familles partant de Paris, plong\u00e9es au milieu de la masse de tous ceux qui s&rsquo;en vont de fa\u00e7on parfois d\u00e9sordonn\u00e9e et irrationnelle.<\/p>\n","protected":false},"excerpt":{"rendered":"<p>Actuellement : premi\u00e8re exposition temporaire 1940\u00a0: LES PARISIENS DANS L&rsquo;EXODE jusqu&rsquo;au 13 d\u00e9cembre 2020 Inaugur\u00e9 le 25 ao\u00fbt 2019 \u00e0 l\u2019occasion du 75e anniversaire de la Lib\u00e9ration de Paris, le mus\u00e9e\u00a0de la Lib\u00e9ration de Paris \u2013 mus\u00e9e du g\u00e9n\u00e9ral Leclerc \u2013 mus\u00e9e Jean Moulin retrace, dans sa premi\u00e8re\u00a0exposition temporaire, l\u2019\u00e9pisode tragique de l\u2019exode v\u00e9cu par &hellip; <\/p>\n<p class=\"read-more\"><a class=\"btn btn-default\" href=\"http:\/\/jnr-cpl.com\/?p=3250\"> Read More<span class=\"screen-reader-text\">  Read More<\/span><\/a><\/p>\n","protected":false},"author":1,"featured_media":0,"comment_status":"closed","ping_status":"open","sticky":false,"template":"","format":"standard","meta":{"footnotes":""},"categories":[18],"tags":[],"class_list":["post-3250","post","type-post","status-publish","format-standard","hentry","category-actualite-de-la-resistance"],"_links":{"self":[{"href":"http:\/\/jnr-cpl.com\/index.php?rest_route=\/wp\/v2\/posts\/3250","targetHints":{"allow":["GET"]}}],"collection":[{"href":"http:\/\/jnr-cpl.com\/index.php?rest_route=\/wp\/v2\/posts"}],"about":[{"href":"http:\/\/jnr-cpl.com\/index.php?rest_route=\/wp\/v2\/types\/post"}],"author":[{"embeddable":true,"href":"http:\/\/jnr-cpl.com\/index.php?rest_route=\/wp\/v2\/users\/1"}],"replies":[{"embeddable":true,"href":"http:\/\/jnr-cpl.com\/index.php?rest_route=%2Fwp%2Fv2%2Fcomments&post=3250"}],"version-history":[{"count":1,"href":"http:\/\/jnr-cpl.com\/index.php?rest_route=\/wp\/v2\/posts\/3250\/revisions"}],"predecessor-version":[{"id":3262,"href":"http:\/\/jnr-cpl.com\/index.php?rest_route=\/wp\/v2\/posts\/3250\/revisions\/3262"}],"wp:attachment":[{"href":"http:\/\/jnr-cpl.com\/index.php?rest_route=%2Fwp%2Fv2%2Fmedia&parent=3250"}],"wp:term":[{"taxonomy":"category","embeddable":true,"href":"http:\/\/jnr-cpl.com\/index.php?rest_route=%2Fwp%2Fv2%2Fcategories&post=3250"},{"taxonomy":"post_tag","embeddable":true,"href":"http:\/\/jnr-cpl.com\/index.php?rest_route=%2Fwp%2Fv2%2Ftags&post=3250"}],"curies":[{"name":"wp","href":"https:\/\/api.w.org\/{rel}","templated":true}]}}