{"id":3242,"date":"2020-10-12T15:37:59","date_gmt":"2020-10-12T13:37:59","guid":{"rendered":"http:\/\/jnr-cpl.com\/?p=3242"},"modified":"2020-10-12T15:37:59","modified_gmt":"2020-10-12T13:37:59","slug":"la-gare-de-deportation-de-bobigny-en-lieu-de-memoire","status":"publish","type":"post","link":"http:\/\/jnr-cpl.com\/?p=3242","title":{"rendered":"la gare de d\u00e9portation de Bobigny en lieu de m\u00e9moire"},"content":{"rendered":"<header class=\"article_header\">\n<p class=\"title_xl col margin_bottom_headline\"><a href=\"https:\/\/www.leparisien.fr\/seine-saint-denis-93\/l-ancienne-gare-de-deportation-de-bobigny-va-devenir-un-lieu-de-memoire-11-10-2020-8400729.php?fbclid=IwAR3oAsk5gy1_MH3biJVduljC7wgIc_-fMeLeO8B8mNwkjcIuf3uf84aWJ34\" target=\"_blank\" rel=\"noopener noreferrer\"><strong>LE PARISIEN<\/strong><\/a><\/p>\n<p class=\"title_xl col margin_bottom_headline\">Les travaux enfin lanc\u00e9s pour transformer la gare de d\u00e9portation de Bobigny en lieu de m\u00e9moire<\/p>\n<p class=\"col subheadline margin_bottom_subheadline widescreen-12 desktop-10\">Pr\u00e9vus depuis plusieurs ann\u00e9es, les travaux de transformation de la gare de d\u00e9portation de Bobigny en lieu de m\u00e9moire ont d\u00e9but\u00e9. La ville esp\u00e8re pouvoir inaugurer ce nouveau lieu en janvier 2022.<\/p>\n<\/header>\n<p><span class=\"byline container_row grid\"><span class=\"author margin_right_xs margin_top_sm ui\">Par<span class=\"margin_top_sm ui_bold\"> H\u00e9l\u00e8ne Haus<\/span><\/span><\/span><\/p>\n<p class=\"timestamp width_full margin_top_ten ui\">Le 11 octobre 2020 \u00e0 18h59, modifi\u00e9 le 11 octobre 2020 \u00e0 19h14<\/p>\n<div class=\"article-section margin_bottom_article\">\n<p class=\"paragraph text_align_left\" data-original-fontsize=\"19px\" data-original-lineheight=\"30px\">C&rsquo;est un lieu empli d&rsquo;histoire, encore peu connu du grand public. Un endroit qui a jou\u00e9 un r\u00f4le dans les temps les plus sombres du XXe si\u00e8cle. Entre juillet 1943 et ao\u00fbt 1944, durant la Seconde Guerre mondiale, 22 453 personnes de confession juive ont \u00e9t\u00e9 d\u00e9port\u00e9es depuis la gare de Bobigny (Seine-Saint-Denis).<\/p>\n<p class=\"paragraph text_align_left\" data-original-fontsize=\"19px\" data-original-lineheight=\"30px\">Une station aujourd&rsquo;hui d\u00e9saffect\u00e9e, qui permettait de relier la commune, alors village mara\u00eecher, \u00e0 Sucy-en-Brie (Val-de-Marne). Et qui sera demain un lieu de m\u00e9moire : les travaux ont en effet d\u00e9but\u00e9 en ao\u00fbt dernier avec pour objectif de l&rsquo;inaugurer en 2022.<\/p>\n<h2 class=\"inline_title margin_top_xxl margin_bottom_md\" data-original-fontsize=\"24px\" data-original-lineheight=\"30px\">Les convois partaient vers Auschwitz<\/h2>\n<section class=\"content\">\n<p class=\"paragraph text_align_left\" data-original-fontsize=\"19px\" data-original-lineheight=\"30px\">Ouverte dans un premier temps aux voyageurs, cette gare de la Grande Ceinture est devenue uniquement r\u00e9serv\u00e9e au transport de marchandises d\u00e8s 1939. Situ\u00e9e seulement \u00e0 deux kilom\u00e8tres du <a href=\"https:\/\/www.leparisien.fr\/seine-saint-denis-93\/dans-la-lignee-de-drancy-et-bobigny-24-03-2016-5654725.php\" target=\"_blank\" rel=\"noopener noreferrer\" data-original-fontsize=\"19px\" data-original-lineheight=\"30px\">camp de Drancy, o\u00f9 \u00e9taient intern\u00e9s de nombreux juifs<\/a>, la gare a sans doute \u00e9t\u00e9 choisie par les Allemands pour son emplacement plus discret que celle du Bourget o\u00f9 ont d\u00e9but\u00e9 les d\u00e9portations.<\/p>\n<p data-original-fontsize=\"19px\" data-original-lineheight=\"30px\"><a href=\"https:\/\/www.leparisien.fr\/seine-saint-denis-93\/l-ancienne-gare-de-deportation-de-bobigny-va-devenir-un-lieu-de-memoire-11-10-2020-8400729.php?fbclid=IwAR3oAsk5gy1_MH3biJVduljC7wgIc_-fMeLeO8B8mNwkjcIuf3uf84aWJ34\" target=\"_blank\" rel=\"noopener noreferrer\">LIRE LA SUITE<\/a><\/p>\n<\/section>\n<\/div>\n","protected":false},"excerpt":{"rendered":"<p>LE PARISIEN Les travaux enfin lanc\u00e9s pour transformer la gare de d\u00e9portation de Bobigny en lieu de m\u00e9moire Pr\u00e9vus depuis plusieurs ann\u00e9es, les travaux de transformation de la gare de d\u00e9portation de Bobigny en lieu de m\u00e9moire ont d\u00e9but\u00e9. La ville esp\u00e8re pouvoir inaugurer ce nouveau lieu en janvier 2022. Par H\u00e9l\u00e8ne Haus Le 11 &hellip; <\/p>\n<p class=\"read-more\"><a class=\"btn btn-default\" href=\"http:\/\/jnr-cpl.com\/?p=3242\"> Read More<span class=\"screen-reader-text\">  Read More<\/span><\/a><\/p>\n","protected":false},"author":1,"featured_media":0,"comment_status":"closed","ping_status":"open","sticky":false,"template":"","format":"standard","meta":{"footnotes":""},"categories":[19,18],"tags":[],"class_list":["post-3242","post","type-post","status-publish","format-standard","hentry","category-actualite-de-la-deportation","category-actualite-de-la-resistance"],"_links":{"self":[{"href":"http:\/\/jnr-cpl.com\/index.php?rest_route=\/wp\/v2\/posts\/3242","targetHints":{"allow":["GET"]}}],"collection":[{"href":"http:\/\/jnr-cpl.com\/index.php?rest_route=\/wp\/v2\/posts"}],"about":[{"href":"http:\/\/jnr-cpl.com\/index.php?rest_route=\/wp\/v2\/types\/post"}],"author":[{"embeddable":true,"href":"http:\/\/jnr-cpl.com\/index.php?rest_route=\/wp\/v2\/users\/1"}],"replies":[{"embeddable":true,"href":"http:\/\/jnr-cpl.com\/index.php?rest_route=%2Fwp%2Fv2%2Fcomments&post=3242"}],"version-history":[{"count":1,"href":"http:\/\/jnr-cpl.com\/index.php?rest_route=\/wp\/v2\/posts\/3242\/revisions"}],"predecessor-version":[{"id":3260,"href":"http:\/\/jnr-cpl.com\/index.php?rest_route=\/wp\/v2\/posts\/3242\/revisions\/3260"}],"wp:attachment":[{"href":"http:\/\/jnr-cpl.com\/index.php?rest_route=%2Fwp%2Fv2%2Fmedia&parent=3242"}],"wp:term":[{"taxonomy":"category","embeddable":true,"href":"http:\/\/jnr-cpl.com\/index.php?rest_route=%2Fwp%2Fv2%2Fcategories&post=3242"},{"taxonomy":"post_tag","embeddable":true,"href":"http:\/\/jnr-cpl.com\/index.php?rest_route=%2Fwp%2Fv2%2Ftags&post=3242"}],"curies":[{"name":"wp","href":"https:\/\/api.w.org\/{rel}","templated":true}]}}