{"id":3202,"date":"2020-10-06T10:03:51","date_gmt":"2020-10-06T08:03:51","guid":{"rendered":"http:\/\/jnr-cpl.com\/?p=3202"},"modified":"2020-10-06T10:03:51","modified_gmt":"2020-10-06T08:03:51","slug":"1940-paroles-de-rebelles","status":"publish","type":"post","link":"http:\/\/jnr-cpl.com\/?p=3202","title":{"rendered":"1940 ! Paroles de rebelles"},"content":{"rendered":"<p><img loading=\"lazy\" decoding=\"async\" class=\"alignnone  wp-image-3204\" src=\"http:\/\/jnr-cpl.com\/wp-content\/uploads\/2020\/10\/Paroles_de_rebelles.png\" alt=\"\" width=\"406\" height=\"503\" srcset=\"http:\/\/jnr-cpl.com\/wp-content\/uploads\/2020\/10\/Paroles_de_rebelles.png 698w, http:\/\/jnr-cpl.com\/wp-content\/uploads\/2020\/10\/Paroles_de_rebelles-242x300.png 242w, http:\/\/jnr-cpl.com\/wp-content\/uploads\/2020\/10\/Paroles_de_rebelles-218x270.png 218w\" sizes=\"auto, (max-width: 406px) 100vw, 406px\" \/><\/p>\n<ul>\n<li><strong><em>1940 ! Paroles de rebelles<\/em><\/strong><\/li>\n<li><strong>Mus\u00e9e de l\u2019Ordre de la Lib\u00e9ration \u00e0 l\u2019H\u00f4tel National des Invalides<\/strong><\/li>\n<li><strong>Du 17 septembre 2020 au 3 janvier 2021<br \/>\n<\/strong><a href=\"http:\/\/www.musee-armee.fr\">www.musee-armee.fr<\/a><\/li>\n<\/ul>\n<p><strong>Une exposition qui va de la d\u00e9faite de l\u2019arm\u00e9e fran\u00e7aise en juin 1940 aux d\u00e9buts de la renaissance de l\u2019esprit de r\u00e9sistance.<\/strong><\/p>\n<p>Apr\u00e8s la terrible d\u00e9faite de juin 1940 et le d\u00e9ferlement des troupes allemandes qui d\u00e9filent triomphalement aux Champs-Elys\u00e9es, tout espoir semble perdu. Le Mar\u00e9chal P\u00e9tain signe un armistice d\u00e9sastreux qui offre \u00e0 l\u2019Allemagne victorieuse l\u2019Alsace et la Moselle, amputant la France d\u2019une partie de la souverainet\u00e9 de son propre territoire. Mais heureusement de nombreux fran\u00e7ais ne s\u2019avouent pas vaincus, tentant par tous les moyens de rejoindre Londres, dernier rempart de la libert\u00e9 en Europe face \u00e0 l\u2019h\u00e9g\u00e9monie totalitaire du nazisme vainqueur sur tous les fronts en Europe. L\u2019exposition revient largement sur le ralliement et le d\u00e9part vers Londres de tous les hommes valides de l\u2019\u00eele de Sein ayant \u00e9cout\u00e9 \u00e0 la radio le discours du G\u00e9n\u00e9ral de Gaulle invitant tous les fran\u00e7ais \u00e0 poursuivre le combat. Mais ces ralliements enthousiastes pour continuer la lutte ne sont pas les seuls et il faudrait aussi citer ceux des colonies fran\u00e7aises, ainsi que l\u2019engagement de personnalit\u00e9s telles que celles d\u2019Honor\u00e9 d\u2019Estienne d\u2019Orves, de l\u2019Amiral Godfroy et de Jacques H\u00e9bert. Avec <em>1940\u00a0! Paroles de rebelles<\/em>, les commissaires de cette exposition &#8211; Vladimir Trouplin, conservateur du mus\u00e9e de l\u2019Ordre de la Lib\u00e9ration, Lionel Dardenne, assistant du conservateur au mus\u00e9e de l\u2019Ordre de\u00a0la Lib\u00e9ration et Diane de Vignemont, \u00e9tudiante-chercheuse en Histoire contemporaine &#8211; ont atteint leur but\u00a0: dresser un tableau pr\u00e9cis et sans fard de la situation de la France apr\u00e8s la cuisante et douloureuse d\u00e9faite de la France en juin 1940.<\/p>\n<p>Une exposition exemplaire montrant les cons\u00e9quences terribles de la d\u00e9faite, l\u2019installation abjecte de P\u00e9tain aux commandes de la France et le d\u00e9but d\u2019une volont\u00e9 d\u2019entrer en r\u00e9sistance.<\/p>\n<p>Texte de Michel Jakubowicz<\/p>\n<p><a href=\"https:\/\/www.on-mag.fr\/index.php\/zegreen\/news\/fashion\/21385-exposition-1940-paroles-de-rebelles-au-musee-de-l-ordre-de-la-liberation-a-l-hotel-national-des-invalides\" target=\"_blank\" rel=\"noopener noreferrer\"><strong>EN SAVOIR PLUS<\/strong><\/a><\/p>\n","protected":false},"excerpt":{"rendered":"<p>1940 ! Paroles de rebelles Mus\u00e9e de l\u2019Ordre de la Lib\u00e9ration \u00e0 l\u2019H\u00f4tel National des Invalides Du 17 septembre 2020 au 3 janvier 2021 www.musee-armee.fr Une exposition qui va de la d\u00e9faite de l\u2019arm\u00e9e fran\u00e7aise en juin 1940 aux d\u00e9buts de la renaissance de l\u2019esprit de r\u00e9sistance. Apr\u00e8s la terrible d\u00e9faite de juin 1940 et &hellip; <\/p>\n<p class=\"read-more\"><a class=\"btn btn-default\" href=\"http:\/\/jnr-cpl.com\/?p=3202\"> Read More<span class=\"screen-reader-text\">  Read More<\/span><\/a><\/p>\n","protected":false},"author":1,"featured_media":0,"comment_status":"closed","ping_status":"open","sticky":false,"template":"","format":"standard","meta":{"footnotes":""},"categories":[19,18],"tags":[],"class_list":["post-3202","post","type-post","status-publish","format-standard","hentry","category-actualite-de-la-deportation","category-actualite-de-la-resistance"],"_links":{"self":[{"href":"http:\/\/jnr-cpl.com\/index.php?rest_route=\/wp\/v2\/posts\/3202","targetHints":{"allow":["GET"]}}],"collection":[{"href":"http:\/\/jnr-cpl.com\/index.php?rest_route=\/wp\/v2\/posts"}],"about":[{"href":"http:\/\/jnr-cpl.com\/index.php?rest_route=\/wp\/v2\/types\/post"}],"author":[{"embeddable":true,"href":"http:\/\/jnr-cpl.com\/index.php?rest_route=\/wp\/v2\/users\/1"}],"replies":[{"embeddable":true,"href":"http:\/\/jnr-cpl.com\/index.php?rest_route=%2Fwp%2Fv2%2Fcomments&post=3202"}],"version-history":[{"count":1,"href":"http:\/\/jnr-cpl.com\/index.php?rest_route=\/wp\/v2\/posts\/3202\/revisions"}],"predecessor-version":[{"id":3237,"href":"http:\/\/jnr-cpl.com\/index.php?rest_route=\/wp\/v2\/posts\/3202\/revisions\/3237"}],"wp:attachment":[{"href":"http:\/\/jnr-cpl.com\/index.php?rest_route=%2Fwp%2Fv2%2Fmedia&parent=3202"}],"wp:term":[{"taxonomy":"category","embeddable":true,"href":"http:\/\/jnr-cpl.com\/index.php?rest_route=%2Fwp%2Fv2%2Fcategories&post=3202"},{"taxonomy":"post_tag","embeddable":true,"href":"http:\/\/jnr-cpl.com\/index.php?rest_route=%2Fwp%2Fv2%2Ftags&post=3202"}],"curies":[{"name":"wp","href":"https:\/\/api.w.org\/{rel}","templated":true}]}}