{"id":3201,"date":"2020-10-06T10:02:21","date_gmt":"2020-10-06T08:02:21","guid":{"rendered":"http:\/\/jnr-cpl.com\/?p=3201"},"modified":"2020-10-06T10:02:21","modified_gmt":"2020-10-06T08:02:21","slug":"marcel-berger-resistant-nous-a-quittes","status":"publish","type":"post","link":"http:\/\/jnr-cpl.com\/?p=3201","title":{"rendered":"Marcel Berger, R\u00e9sistant, nous a quitt\u00e9s"},"content":{"rendered":"<p><img loading=\"lazy\" decoding=\"async\" class=\"alignnone size-full wp-image-3208\" src=\"http:\/\/jnr-cpl.com\/wp-content\/uploads\/2020\/10\/Capture-d\u2019e\u0301cran-2020-10-06-a\u0300-09.20.56.png\" alt=\"\" width=\"371\" height=\"99\" srcset=\"http:\/\/jnr-cpl.com\/wp-content\/uploads\/2020\/10\/Capture-d\u2019e\u0301cran-2020-10-06-a\u0300-09.20.56.png 371w, http:\/\/jnr-cpl.com\/wp-content\/uploads\/2020\/10\/Capture-d\u2019e\u0301cran-2020-10-06-a\u0300-09.20.56-300x80.png 300w\" sizes=\"auto, (max-width: 371px) 100vw, 371px\" \/> <img loading=\"lazy\" decoding=\"async\" class=\"alignnone size-full wp-image-3207\" src=\"http:\/\/jnr-cpl.com\/wp-content\/uploads\/2020\/10\/Capture-d\u2019e\u0301cran-2020-10-06-a\u0300-09.21.03.png\" alt=\"\" width=\"877\" height=\"496\" srcset=\"http:\/\/jnr-cpl.com\/wp-content\/uploads\/2020\/10\/Capture-d\u2019e\u0301cran-2020-10-06-a\u0300-09.21.03.png 877w, http:\/\/jnr-cpl.com\/wp-content\/uploads\/2020\/10\/Capture-d\u2019e\u0301cran-2020-10-06-a\u0300-09.21.03-300x170.png 300w, http:\/\/jnr-cpl.com\/wp-content\/uploads\/2020\/10\/Capture-d\u2019e\u0301cran-2020-10-06-a\u0300-09.21.03-768x434.png 768w, http:\/\/jnr-cpl.com\/wp-content\/uploads\/2020\/10\/Capture-d\u2019e\u0301cran-2020-10-06-a\u0300-09.21.03-477x270.png 477w\" sizes=\"auto, (max-width: 877px) 100vw, 877px\" \/><\/p>\n<div class=\"article-full__infos\">\n<div class=\"article-full__infos-dates\">Publi\u00e9 le <time>01\/10\/2020 \u00e0 05:12<\/time> , mis \u00e0 jour <time> \u00e0 07:34 <\/time><\/div>\n<\/div>\n<div class=\"article-full__body\">\n<div class=\"article-full__body-content article-paywall p402_premium\">\n<p>Les adh\u00e9rents des Associations AARS (Amis de la R\u00e9sistance sur le S\u00e9gala Tarnais et Aveyronnais ayant particip\u00e9 \u00e0 la lib\u00e9ration du Carmausin), et CVAMA Villelongue (Compagnons de Villelongue et Amis du Maquis Antoine Tarn\/Aveyron des groupes Veny) annoncent le d\u00e9c\u00e8s d\u2019un grand R\u00e9sistant. \u00ab\u00a0Nous venons d\u2019apprendre le d\u00e9c\u00e8s de Marcel Berger, il avait 96 ans.<\/p>\n<p>Depuis plusieurs d\u00e9cennies, Marcel \u00e9tait pr\u00e9sent \u00e0 toutes les c\u00e9r\u00e9monies pour rendre les honneurs \u00e0 ses camarades. C\u2019\u00e9tait un grand R\u00e9sistant et un grand Serviteur du Souvenir de la R\u00e9sistance Fran\u00e7aise (Maquis Lenoir).<\/p>\n<p>A 95 ans pass\u00e9s, pour le 75e anniversaire de la Comm\u00e9moration de la Lib\u00e9ration de la Ville de Carmaux, il \u00e9tait pr\u00e9sent. Ses obs\u00e8ques ont eu lieu ce mardi 29 septembre en l\u2019\u00e9glise de Sainte Martianne \u00e0 Le Garric.<\/p>\n<p>Marcel faisait partie du Maquis Lenoir. Il \u00e9tait membre honoraire d\u2019AARS et \u00e9tait un de nos derniers t\u00e9moins de la R\u00e9sistance Fran\u00e7aise. Il \u00e9tait d\u00e9cor\u00e9 de la L\u00e9gion d\u2019Honneur.<\/p>\n<p>Le pr\u00e9sident Camille Pech et les bureaux des deux associations pr\u00e9sentent leurs plus sinc\u00e8res condol\u00e9ances \u00e0 la famille de Marcel Berger.<\/p>\n<p><a href=\"https:\/\/www.ladepeche.fr\/2020\/10\/01\/marcel-berger-resistant-nous-a-quittes-9109021.php\" target=\"_blank\" rel=\"noopener noreferrer\"><strong>EN SAVOIR PLUS<\/strong><\/a><\/p>\n<\/div>\n<\/div>\n","protected":false},"excerpt":{"rendered":"<p>Publi\u00e9 le 01\/10\/2020 \u00e0 05:12 , mis \u00e0 jour \u00e0 07:34 Les adh\u00e9rents des Associations AARS (Amis de la R\u00e9sistance sur le S\u00e9gala Tarnais et Aveyronnais ayant particip\u00e9 \u00e0 la lib\u00e9ration du Carmausin), et CVAMA Villelongue (Compagnons de Villelongue et Amis du Maquis Antoine Tarn\/Aveyron des groupes Veny) annoncent le d\u00e9c\u00e8s d\u2019un grand R\u00e9sistant. \u00ab\u00a0Nous &hellip; <\/p>\n<p class=\"read-more\"><a class=\"btn btn-default\" href=\"http:\/\/jnr-cpl.com\/?p=3201\"> Read More<span class=\"screen-reader-text\">  Read More<\/span><\/a><\/p>\n","protected":false},"author":1,"featured_media":0,"comment_status":"closed","ping_status":"open","sticky":false,"template":"","format":"standard","meta":{"footnotes":""},"categories":[18],"tags":[],"class_list":["post-3201","post","type-post","status-publish","format-standard","hentry","category-actualite-de-la-resistance"],"_links":{"self":[{"href":"http:\/\/jnr-cpl.com\/index.php?rest_route=\/wp\/v2\/posts\/3201","targetHints":{"allow":["GET"]}}],"collection":[{"href":"http:\/\/jnr-cpl.com\/index.php?rest_route=\/wp\/v2\/posts"}],"about":[{"href":"http:\/\/jnr-cpl.com\/index.php?rest_route=\/wp\/v2\/types\/post"}],"author":[{"embeddable":true,"href":"http:\/\/jnr-cpl.com\/index.php?rest_route=\/wp\/v2\/users\/1"}],"replies":[{"embeddable":true,"href":"http:\/\/jnr-cpl.com\/index.php?rest_route=%2Fwp%2Fv2%2Fcomments&post=3201"}],"version-history":[{"count":1,"href":"http:\/\/jnr-cpl.com\/index.php?rest_route=\/wp\/v2\/posts\/3201\/revisions"}],"predecessor-version":[{"id":3236,"href":"http:\/\/jnr-cpl.com\/index.php?rest_route=\/wp\/v2\/posts\/3201\/revisions\/3236"}],"wp:attachment":[{"href":"http:\/\/jnr-cpl.com\/index.php?rest_route=%2Fwp%2Fv2%2Fmedia&parent=3201"}],"wp:term":[{"taxonomy":"category","embeddable":true,"href":"http:\/\/jnr-cpl.com\/index.php?rest_route=%2Fwp%2Fv2%2Fcategories&post=3201"},{"taxonomy":"post_tag","embeddable":true,"href":"http:\/\/jnr-cpl.com\/index.php?rest_route=%2Fwp%2Fv2%2Ftags&post=3201"}],"curies":[{"name":"wp","href":"https:\/\/api.w.org\/{rel}","templated":true}]}}