{"id":3199,"date":"2020-10-06T09:54:36","date_gmt":"2020-10-06T07:54:36","guid":{"rendered":"http:\/\/jnr-cpl.com\/?p=3199"},"modified":"2020-10-06T09:54:36","modified_gmt":"2020-10-06T07:54:36","slug":"les-journees-particulieres-de-michele-agniel-des-reseaux-de-la-resistance-a-ravensbruck","status":"publish","type":"post","link":"http:\/\/jnr-cpl.com\/?p=3199","title":{"rendered":"Les journ\u00e9es particuli\u00e8res de Mich\u00e8le Agniel, des r\u00e9seaux de la R\u00e9sistance \u00e0 Ravensbr\u00fcck"},"content":{"rendered":"<p><img loading=\"lazy\" decoding=\"async\" class=\"alignnone size-full wp-image-3211\" src=\"http:\/\/jnr-cpl.com\/wp-content\/uploads\/2020\/10\/Capture-d\u2019e\u0301cran-2020-10-06-a\u0300-09.18.06.png\" alt=\"\" width=\"129\" height=\"79\" \/> <img loading=\"lazy\" decoding=\"async\" class=\"alignnone  wp-image-3210\" src=\"http:\/\/jnr-cpl.com\/wp-content\/uploads\/2020\/10\/Capture-d\u2019e\u0301cran-2020-10-06-a\u0300-09.20.14.png\" alt=\"\" width=\"388\" height=\"289\" srcset=\"http:\/\/jnr-cpl.com\/wp-content\/uploads\/2020\/10\/Capture-d\u2019e\u0301cran-2020-10-06-a\u0300-09.20.14.png 833w, http:\/\/jnr-cpl.com\/wp-content\/uploads\/2020\/10\/Capture-d\u2019e\u0301cran-2020-10-06-a\u0300-09.20.14-300x224.png 300w, http:\/\/jnr-cpl.com\/wp-content\/uploads\/2020\/10\/Capture-d\u2019e\u0301cran-2020-10-06-a\u0300-09.20.14-768x573.png 768w, http:\/\/jnr-cpl.com\/wp-content\/uploads\/2020\/10\/Capture-d\u2019e\u0301cran-2020-10-06-a\u0300-09.20.14-362x270.png 362w\" sizes=\"auto, (max-width: 388px) 100vw, 388px\" \/><\/p>\n<p>Mich\u00e8le Agniel a 14 ans en 1940 lorsqu&rsquo;elle rejoint la R\u00e9sistance. Plus qu&rsquo;une journ\u00e9e particuli\u00e8re, ce sont quatre ann\u00e9es, depuis les premiers tracts re\u00e7us et distribu\u00e9s, jusqu&rsquo;\u00e0 son retour des camps Ravensbr\u00fcck et K\u00f6nigsberg, qu&rsquo;elle raconte avec pr\u00e9cision au micro de Zo\u00e9 Varier. Un t\u00e9moignage rare et pr\u00e9cieux.<\/p>\n<p>Hors-antenne, avant l&rsquo;entretien, alors qu&rsquo;on la remercie d&rsquo;\u00eatre venue jusqu&rsquo;\u00e0 la Maison de la Radio en pleine crise sanitaire et qu&rsquo;on la rassure sur le fait que le studio a \u00e9t\u00e9 d\u00e9sinfect\u00e9 dans les r\u00e8gles de l&rsquo;art, <strong>Mich\u00e8le Agniel<\/strong>, 94 ans, plaisante\u00a0: \u00ab\u00a0Vous savez, je suis une dure \u00e0 cuire !\u00a0\u00bb<\/p>\n<p>Invit\u00e9e \u00e0 l&rsquo;occasion de la parution de l&rsquo;ouvrage <em>Nous \u00e9tions r\u00e9sistantes<\/em> (\u00e9ditions Alisio),Mich\u00e8le Agniel a choisi comme \u00ab\u00a0journ\u00e9e particuli\u00e8re\u00a0\u00bb un jour du mois d&rsquo;ao\u00fbt 1940 au cours duquel, de retour d&rsquo;exode, elle rentre \u00e0 Paris avec sa famille. Alors \u00e2g\u00e9e de 14 ans, la jeune Mich\u00e8le se souvient de la vision cauchemardesque de sa ville d\u00e9figur\u00e9e. Dans <strong>Paris occup\u00e9e<\/strong>, <strong>les \u00e9tendards nazis<\/strong> sont sur les fa\u00e7ades, <strong>les croix gamm\u00e9es<\/strong> sont partout, les noms de rues sont chang\u00e9s\u00a0: l&rsquo;ennemi est \u00e0 tous les coins de rue.<\/p>\n<p><a href=\"https:\/\/www.franceinter.fr\/emissions\/une-journee-particuliere\/une-journee-particuliere-04-octobre-2020?fbclid=IwAR2RskNE4H5GvoOEGYM2WTvubpwWV-PGc-sfhKezrnq69_mg33EqhWaHWnc\" target=\"_blank\" rel=\"noopener noreferrer\"><strong>LIRE LA SUITE<\/strong><\/a><\/p>\n","protected":false},"excerpt":{"rendered":"<p>Mich\u00e8le Agniel a 14 ans en 1940 lorsqu&rsquo;elle rejoint la R\u00e9sistance. Plus qu&rsquo;une journ\u00e9e particuli\u00e8re, ce sont quatre ann\u00e9es, depuis les premiers tracts re\u00e7us et distribu\u00e9s, jusqu&rsquo;\u00e0 son retour des camps Ravensbr\u00fcck et K\u00f6nigsberg, qu&rsquo;elle raconte avec pr\u00e9cision au micro de Zo\u00e9 Varier. Un t\u00e9moignage rare et pr\u00e9cieux. Hors-antenne, avant l&rsquo;entretien, alors qu&rsquo;on la remercie &hellip; <\/p>\n<p class=\"read-more\"><a class=\"btn btn-default\" href=\"http:\/\/jnr-cpl.com\/?p=3199\"> Read More<span class=\"screen-reader-text\">  Read More<\/span><\/a><\/p>\n","protected":false},"author":1,"featured_media":0,"comment_status":"closed","ping_status":"open","sticky":false,"template":"","format":"standard","meta":{"footnotes":""},"categories":[19,18],"tags":[],"class_list":["post-3199","post","type-post","status-publish","format-standard","hentry","category-actualite-de-la-deportation","category-actualite-de-la-resistance"],"_links":{"self":[{"href":"http:\/\/jnr-cpl.com\/index.php?rest_route=\/wp\/v2\/posts\/3199","targetHints":{"allow":["GET"]}}],"collection":[{"href":"http:\/\/jnr-cpl.com\/index.php?rest_route=\/wp\/v2\/posts"}],"about":[{"href":"http:\/\/jnr-cpl.com\/index.php?rest_route=\/wp\/v2\/types\/post"}],"author":[{"embeddable":true,"href":"http:\/\/jnr-cpl.com\/index.php?rest_route=\/wp\/v2\/users\/1"}],"replies":[{"embeddable":true,"href":"http:\/\/jnr-cpl.com\/index.php?rest_route=%2Fwp%2Fv2%2Fcomments&post=3199"}],"version-history":[{"count":1,"href":"http:\/\/jnr-cpl.com\/index.php?rest_route=\/wp\/v2\/posts\/3199\/revisions"}],"predecessor-version":[{"id":3234,"href":"http:\/\/jnr-cpl.com\/index.php?rest_route=\/wp\/v2\/posts\/3199\/revisions\/3234"}],"wp:attachment":[{"href":"http:\/\/jnr-cpl.com\/index.php?rest_route=%2Fwp%2Fv2%2Fmedia&parent=3199"}],"wp:term":[{"taxonomy":"category","embeddable":true,"href":"http:\/\/jnr-cpl.com\/index.php?rest_route=%2Fwp%2Fv2%2Fcategories&post=3199"},{"taxonomy":"post_tag","embeddable":true,"href":"http:\/\/jnr-cpl.com\/index.php?rest_route=%2Fwp%2Fv2%2Ftags&post=3199"}],"curies":[{"name":"wp","href":"https:\/\/api.w.org\/{rel}","templated":true}]}}