{"id":3196,"date":"2020-10-06T09:52:15","date_gmt":"2020-10-06T07:52:15","guid":{"rendered":"http:\/\/jnr-cpl.com\/?p=3196"},"modified":"2020-10-06T09:52:15","modified_gmt":"2020-10-06T07:52:15","slug":"lexecution-de-27-otages-a-chateaubriant-va-indigner-le-monde-entier-raconte-thomas-ginsburger-vogel","status":"publish","type":"post","link":"http:\/\/jnr-cpl.com\/?p=3196","title":{"rendered":"L&rsquo;ex\u00e9cution de 27 otages \u00e0 Ch\u00e2teaubriant va indigner le monde entier raconte Thomas Ginsburger-Vogel"},"content":{"rendered":"<p><a href=\"https:\/\/www.dailymotion.com\/video\/x7o1b79?fbclid=IwAR1jWU_BD8HwNJMBIfqGK5HU3dO4Wo6uEddslqb688m6fOmWTe6wQv9MDRg\"><img loading=\"lazy\" decoding=\"async\" class=\"alignnone size-full wp-image-3215\" src=\"http:\/\/jnr-cpl.com\/wp-content\/uploads\/2020\/10\/Capture-d\u2019e\u0301cran-2020-10-06-a\u0300-09.17.26.png\" alt=\"\" width=\"888\" height=\"501\" srcset=\"http:\/\/jnr-cpl.com\/wp-content\/uploads\/2020\/10\/Capture-d\u2019e\u0301cran-2020-10-06-a\u0300-09.17.26.png 888w, http:\/\/jnr-cpl.com\/wp-content\/uploads\/2020\/10\/Capture-d\u2019e\u0301cran-2020-10-06-a\u0300-09.17.26-300x169.png 300w, http:\/\/jnr-cpl.com\/wp-content\/uploads\/2020\/10\/Capture-d\u2019e\u0301cran-2020-10-06-a\u0300-09.17.26-768x433.png 768w, http:\/\/jnr-cpl.com\/wp-content\/uploads\/2020\/10\/Capture-d\u2019e\u0301cran-2020-10-06-a\u0300-09.17.26-479x270.png 479w\" sizes=\"auto, (max-width: 888px) 100vw, 888px\" \/><\/a><\/p>\n<p>Le 22 octobre 1941, \u00e0 Ch\u00e2teaubriant, au lieu-dit La Sabli\u00e8re, 27 prisonniers sont tu\u00e9s par les nazis en repr\u00e9sailles \u00e0 l\u2019ex\u00e9cution d\u2019un officier allemand. Seize autres otages sont assassin\u00e9s \u00e0 Nantes, et cinq autres au Mont-Val\u00e9rien. La carri\u00e8re des Fusill\u00e9s garde la m\u00e9moire de ces martyrs de la premi\u00e8re heure. <a href=\"https:\/\/www.francebleu.fr\/infos\/societe\/videos-la-carriere-des-fusilles-a-chateaubriant-un-lieu-charge-d-emotion-1573825218\" target=\"_blank\" rel=\"nofollow noopener noreferrer\">https:\/\/www.francebleu.fr\/infos\/societe\/videos-la-carriere-des-fusilles-a-chateaubriant-un-lieu-charge-d-emotion-1573825218<\/a><\/p>\n","protected":false},"excerpt":{"rendered":"<p>Le 22 octobre 1941, \u00e0 Ch\u00e2teaubriant, au lieu-dit La Sabli\u00e8re, 27 prisonniers sont tu\u00e9s par les nazis en repr\u00e9sailles \u00e0 l\u2019ex\u00e9cution d\u2019un officier allemand. Seize autres otages sont assassin\u00e9s \u00e0 Nantes, et cinq autres au Mont-Val\u00e9rien. La carri\u00e8re des Fusill\u00e9s garde la m\u00e9moire de ces martyrs de la premi\u00e8re heure. https:\/\/www.francebleu.fr\/infos\/societe\/videos-la-carriere-des-fusilles-a-chateaubriant-un-lieu-charge-d-emotion-1573825218<\/p>\n","protected":false},"author":1,"featured_media":0,"comment_status":"closed","ping_status":"open","sticky":false,"template":"","format":"standard","meta":{"footnotes":""},"categories":[19,18],"tags":[],"class_list":["post-3196","post","type-post","status-publish","format-standard","hentry","category-actualite-de-la-deportation","category-actualite-de-la-resistance"],"_links":{"self":[{"href":"http:\/\/jnr-cpl.com\/index.php?rest_route=\/wp\/v2\/posts\/3196","targetHints":{"allow":["GET"]}}],"collection":[{"href":"http:\/\/jnr-cpl.com\/index.php?rest_route=\/wp\/v2\/posts"}],"about":[{"href":"http:\/\/jnr-cpl.com\/index.php?rest_route=\/wp\/v2\/types\/post"}],"author":[{"embeddable":true,"href":"http:\/\/jnr-cpl.com\/index.php?rest_route=\/wp\/v2\/users\/1"}],"replies":[{"embeddable":true,"href":"http:\/\/jnr-cpl.com\/index.php?rest_route=%2Fwp%2Fv2%2Fcomments&post=3196"}],"version-history":[{"count":1,"href":"http:\/\/jnr-cpl.com\/index.php?rest_route=\/wp\/v2\/posts\/3196\/revisions"}],"predecessor-version":[{"id":3231,"href":"http:\/\/jnr-cpl.com\/index.php?rest_route=\/wp\/v2\/posts\/3196\/revisions\/3231"}],"wp:attachment":[{"href":"http:\/\/jnr-cpl.com\/index.php?rest_route=%2Fwp%2Fv2%2Fmedia&parent=3196"}],"wp:term":[{"taxonomy":"category","embeddable":true,"href":"http:\/\/jnr-cpl.com\/index.php?rest_route=%2Fwp%2Fv2%2Fcategories&post=3196"},{"taxonomy":"post_tag","embeddable":true,"href":"http:\/\/jnr-cpl.com\/index.php?rest_route=%2Fwp%2Fv2%2Ftags&post=3196"}],"curies":[{"name":"wp","href":"https:\/\/api.w.org\/{rel}","templated":true}]}}