{"id":3194,"date":"2020-10-06T09:50:08","date_gmt":"2020-10-06T07:50:08","guid":{"rendered":"http:\/\/jnr-cpl.com\/?p=3194"},"modified":"2020-10-06T09:50:08","modified_gmt":"2020-10-06T07:50:08","slug":"belz-une-annee-consacree-aux-femmes-de-la-resistance","status":"publish","type":"post","link":"http:\/\/jnr-cpl.com\/?p=3194","title":{"rendered":"Belz. Une ann\u00e9e consacr\u00e9e aux femmes de la R\u00e9sistance"},"content":{"rendered":"<p><img loading=\"lazy\" decoding=\"async\" class=\"alignnone size-full wp-image-3212\" src=\"http:\/\/jnr-cpl.com\/wp-content\/uploads\/2020\/10\/Capture-d\u2019e\u0301cran-2020-10-06-a\u0300-09.16.53.png\" alt=\"\" width=\"176\" height=\"87\" \/><\/p>\n<p class=\"su-standfirst chapeau\">L\u2019Association nationale des anciens combattants (Anacr) a tenu son assembl\u00e9e g\u00e9n\u00e9rale, samedi. Elle \u00e9tait pr\u00e9sid\u00e9e par Margot Caudan, 100 ans, ancienne r\u00e9sistante.<\/p>\n<p>Margot Caudan, 100\u00a0ans, ancienne r\u00e9sistante, pr\u00e9sidait l\u2019assembl\u00e9e g\u00e9n\u00e9rale de l\u2019Association nationale des anciens combattants et r\u00e9sistants, samedi, \u00e0 <a title=\"www.ouest-france.fr\" href=\"https:\/\/www.ouest-france.fr\/bretagne\/belz-56550\/#resultat-recherche\">Belz<\/a> (<a title=\"www.ouest-france.fr\" href=\"https:\/\/www.ouest-france.fr\/bretagne\/morbihan\/\">Morbihan<\/a>). <strong>\u00ab\u00a0Un sale petit virus a retard\u00e9 notre r\u00e9union annuelle.<\/strong> <strong>Sans tenir compte des fronti\u00e8res, ni des barbel\u00e9s. Cela nous rappelle que tous les peuples sont li\u00e9s. Il serait temps que l\u2019on fasse passer coop\u00e9ration et solidarit\u00e9 avant concurrence et comp\u00e9tition. Il y a 75\u00a0ans, naissait l\u2019Onu en ce sens\u00a0\u00bb,<\/strong> a lanc\u00e9 la centenaire, apr\u00e8s un retour de Maryline Lesauce, pr\u00e9sidente de l\u2019Anacr, sur les c\u00e9r\u00e9monies men\u00e9es depuis d\u00e9but 2019. Cette derni\u00e8re est revenue sur les actions de t\u00e9moignages men\u00e9es par Margot aupr\u00e8s des jeunes du d\u00e9partement. <strong>\u00ab\u00a0C\u2019est stup\u00e9fiant, la qualit\u00e9 des \u00e9changes entre Margot et ces jeunes\u00a0: coll\u00e9giens, lyc\u00e9ens\u2026 Tous sont sensibles \u00e0 son histoire, notre histoire. C\u2019est important de pouvoir leur transmettre directement et de perp\u00e9tuer le devoir de m\u00e9moire.\u00a0\u00bb<\/strong><\/p>\n<p><img loading=\"lazy\" decoding=\"async\" class=\"alignnone size-large wp-image-3213\" src=\"http:\/\/jnr-cpl.com\/wp-content\/uploads\/2020\/10\/Capture-d\u2019e\u0301cran-2020-10-06-a\u0300-09.17.06-1024x476.png\" alt=\"\" width=\"640\" height=\"298\" srcset=\"http:\/\/jnr-cpl.com\/wp-content\/uploads\/2020\/10\/Capture-d\u2019e\u0301cran-2020-10-06-a\u0300-09.17.06-1024x476.png 1024w, http:\/\/jnr-cpl.com\/wp-content\/uploads\/2020\/10\/Capture-d\u2019e\u0301cran-2020-10-06-a\u0300-09.17.06-300x139.png 300w, http:\/\/jnr-cpl.com\/wp-content\/uploads\/2020\/10\/Capture-d\u2019e\u0301cran-2020-10-06-a\u0300-09.17.06-768x357.png 768w, http:\/\/jnr-cpl.com\/wp-content\/uploads\/2020\/10\/Capture-d\u2019e\u0301cran-2020-10-06-a\u0300-09.17.06-581x270.png 581w, http:\/\/jnr-cpl.com\/wp-content\/uploads\/2020\/10\/Capture-d\u2019e\u0301cran-2020-10-06-a\u0300-09.17.06.png 1317w\" sizes=\"auto, (max-width: 640px) 100vw, 640px\" \/><\/p>\n<h2><strong>Vingt-et-un portraits<\/strong><\/h2>\n<p>C\u00f4t\u00e9 projets, l\u2019ann\u00e9e 2021 sera consacr\u00e9e aux femmes entr\u00e9es en r\u00e9sistance partout en Europe\u00a0: Bretonnes, Fran\u00e7aises bien s\u00fbr, mais aussi italienne, allemande, bulgares, russes\u2026 Certaines ont pris les armes, jusqu\u2019\u00e0 devenir conductrice de char et commander des bataillons d\u2019hommes\u00a0; d\u2019autres ont prot\u00e9g\u00e9 des centaines d\u2019hommes, femmes et enfants. Toutes ont perdu la vie au nom de la libert\u00e9. L\u2019association a d\u00e9cid\u00e9 de leur rendre hommage par l\u2019exposition (en cours de r\u00e9alisation) de vingt-et-un portraits.<\/p>\n<p><a href=\"https:\/\/www.ouest-france.fr\/bretagne\/belz-56550\/belz-une-annee-consacree-aux-femmes-de-la-resistance-6993959?fbclid=IwAR2qdCU41d0qCkulC08UN6QezzygDVNpLl3ppfUtEVU3bnaK5hfHGREhlx0\" target=\"_blank\" rel=\"noopener noreferrer\"><strong>LIRE LA SUITE<\/strong><\/a><\/p>\n","protected":false},"excerpt":{"rendered":"<p>L\u2019Association nationale des anciens combattants (Anacr) a tenu son assembl\u00e9e g\u00e9n\u00e9rale, samedi. Elle \u00e9tait pr\u00e9sid\u00e9e par Margot Caudan, 100 ans, ancienne r\u00e9sistante. Margot Caudan, 100\u00a0ans, ancienne r\u00e9sistante, pr\u00e9sidait l\u2019assembl\u00e9e g\u00e9n\u00e9rale de l\u2019Association nationale des anciens combattants et r\u00e9sistants, samedi, \u00e0 Belz (Morbihan). \u00ab\u00a0Un sale petit virus a retard\u00e9 notre r\u00e9union annuelle. Sans tenir compte des &hellip; <\/p>\n<p class=\"read-more\"><a class=\"btn btn-default\" href=\"http:\/\/jnr-cpl.com\/?p=3194\"> Read More<span class=\"screen-reader-text\">  Read More<\/span><\/a><\/p>\n","protected":false},"author":1,"featured_media":0,"comment_status":"closed","ping_status":"open","sticky":false,"template":"","format":"standard","meta":{"footnotes":""},"categories":[18],"tags":[],"class_list":["post-3194","post","type-post","status-publish","format-standard","hentry","category-actualite-de-la-resistance"],"_links":{"self":[{"href":"http:\/\/jnr-cpl.com\/index.php?rest_route=\/wp\/v2\/posts\/3194","targetHints":{"allow":["GET"]}}],"collection":[{"href":"http:\/\/jnr-cpl.com\/index.php?rest_route=\/wp\/v2\/posts"}],"about":[{"href":"http:\/\/jnr-cpl.com\/index.php?rest_route=\/wp\/v2\/types\/post"}],"author":[{"embeddable":true,"href":"http:\/\/jnr-cpl.com\/index.php?rest_route=\/wp\/v2\/users\/1"}],"replies":[{"embeddable":true,"href":"http:\/\/jnr-cpl.com\/index.php?rest_route=%2Fwp%2Fv2%2Fcomments&post=3194"}],"version-history":[{"count":1,"href":"http:\/\/jnr-cpl.com\/index.php?rest_route=\/wp\/v2\/posts\/3194\/revisions"}],"predecessor-version":[{"id":3229,"href":"http:\/\/jnr-cpl.com\/index.php?rest_route=\/wp\/v2\/posts\/3194\/revisions\/3229"}],"wp:attachment":[{"href":"http:\/\/jnr-cpl.com\/index.php?rest_route=%2Fwp%2Fv2%2Fmedia&parent=3194"}],"wp:term":[{"taxonomy":"category","embeddable":true,"href":"http:\/\/jnr-cpl.com\/index.php?rest_route=%2Fwp%2Fv2%2Fcategories&post=3194"},{"taxonomy":"post_tag","embeddable":true,"href":"http:\/\/jnr-cpl.com\/index.php?rest_route=%2Fwp%2Fv2%2Ftags&post=3194"}],"curies":[{"name":"wp","href":"https:\/\/api.w.org\/{rel}","templated":true}]}}