{"id":3188,"date":"2020-09-21T10:14:31","date_gmt":"2020-09-21T08:14:31","guid":{"rendered":"http:\/\/jnr-cpl.com\/?p=3188"},"modified":"2020-09-21T10:14:31","modified_gmt":"2020-09-21T08:14:31","slug":"resistons-a-loubli","status":"publish","type":"post","link":"http:\/\/jnr-cpl.com\/?p=3188","title":{"rendered":"\u00ab\u00a0R\u00e9sistons \u00e0 l&rsquo;oubli\u00a0\u00bb"},"content":{"rendered":"<p><a href=\"https:\/\/lutetia.info\/wp-content\/uploads\/2018\/11\/55570_ResistonsAlOubli-23_07_20_couverture_x300.jpg\"><img loading=\"lazy\" decoding=\"async\" class=\"aligncenter size-large wp-image-1922\" src=\"https:\/\/lutetia.info\/wp-content\/uploads\/2018\/11\/55570_ResistonsAlOubli-23_07_20_couverture_x300-1024x727.jpg\" alt=\"55570_ResistonsAlOubli-23_07_20_couverture_x300\" width=\"625\" height=\"443\" \/><\/a><br \/>\nA\u00a0l&rsquo;occasion du 75\u00e8me anniversaire de la lib\u00e9ration des camps nazis, notre association AFMD de Paris propose un nouvel ouvrage,<\/p>\n<h2 style=\"text-align: center;\"><strong>\u00ab\u00a0R\u00e9sistons \u00e0 l&rsquo;oubli\u00a0\u00bb<\/strong><\/h2>\n<p>Ce recueil rappelle vingt-quatre biographies de victimes, aux itin\u00e9raires de vie tr\u00e8s divers, assassin\u00e9es dans les prisons ou les camps allemands, arr\u00eat\u00e9es pour faits de R\u00e9sistance \u00e0 l&rsquo;occupant ou cons\u00e9quentes des politiques racistes du III\u00e8me Reich nazi soutenues par le gouvernement de Vichy. \u00ab\u00a0Chaque visage aura droit aux caresses\u00a0\u00bb (Eluard)<br \/>\nPr\u00e9face de M. Richard Ferrand, Pr\u00e9sident de l&rsquo;Assembl\u00e9e nationale, 70 pages, en vente au prix de 12 euros (+ 4 euros de port) \u00e0 la boutique de l&rsquo;Assembl\u00e9e nationale ou aupr\u00e8s de la D\u00e9l\u00e9gation AFMD de Paris (\u00e0 l&rsquo;intention de Mme J. Belliot, 31 bd Saint-Germain 75005 Paris<\/p>\n<hr \/>\n","protected":false},"excerpt":{"rendered":"<p>A\u00a0l&rsquo;occasion du 75\u00e8me anniversaire de la lib\u00e9ration des camps nazis, notre association AFMD de Paris propose un nouvel ouvrage, \u00ab\u00a0R\u00e9sistons \u00e0 l&rsquo;oubli\u00a0\u00bb Ce recueil rappelle vingt-quatre biographies de victimes, aux itin\u00e9raires de vie tr\u00e8s divers, assassin\u00e9es dans les prisons ou les camps allemands, arr\u00eat\u00e9es pour faits de R\u00e9sistance \u00e0 l&rsquo;occupant ou cons\u00e9quentes des politiques racistes &hellip; <\/p>\n<p class=\"read-more\"><a class=\"btn btn-default\" href=\"http:\/\/jnr-cpl.com\/?p=3188\"> Read More<span class=\"screen-reader-text\">  Read More<\/span><\/a><\/p>\n","protected":false},"author":1,"featured_media":0,"comment_status":"closed","ping_status":"open","sticky":false,"template":"","format":"standard","meta":{"footnotes":""},"categories":[19],"tags":[],"class_list":["post-3188","post","type-post","status-publish","format-standard","hentry","category-actualite-de-la-deportation"],"_links":{"self":[{"href":"http:\/\/jnr-cpl.com\/index.php?rest_route=\/wp\/v2\/posts\/3188","targetHints":{"allow":["GET"]}}],"collection":[{"href":"http:\/\/jnr-cpl.com\/index.php?rest_route=\/wp\/v2\/posts"}],"about":[{"href":"http:\/\/jnr-cpl.com\/index.php?rest_route=\/wp\/v2\/types\/post"}],"author":[{"embeddable":true,"href":"http:\/\/jnr-cpl.com\/index.php?rest_route=\/wp\/v2\/users\/1"}],"replies":[{"embeddable":true,"href":"http:\/\/jnr-cpl.com\/index.php?rest_route=%2Fwp%2Fv2%2Fcomments&post=3188"}],"version-history":[{"count":1,"href":"http:\/\/jnr-cpl.com\/index.php?rest_route=\/wp\/v2\/posts\/3188\/revisions"}],"predecessor-version":[{"id":3189,"href":"http:\/\/jnr-cpl.com\/index.php?rest_route=\/wp\/v2\/posts\/3188\/revisions\/3189"}],"wp:attachment":[{"href":"http:\/\/jnr-cpl.com\/index.php?rest_route=%2Fwp%2Fv2%2Fmedia&parent=3188"}],"wp:term":[{"taxonomy":"category","embeddable":true,"href":"http:\/\/jnr-cpl.com\/index.php?rest_route=%2Fwp%2Fv2%2Fcategories&post=3188"},{"taxonomy":"post_tag","embeddable":true,"href":"http:\/\/jnr-cpl.com\/index.php?rest_route=%2Fwp%2Fv2%2Ftags&post=3188"}],"curies":[{"name":"wp","href":"https:\/\/api.w.org\/{rel}","templated":true}]}}