{"id":3186,"date":"2020-09-21T10:14:02","date_gmt":"2020-09-21T08:14:02","guid":{"rendered":"http:\/\/jnr-cpl.com\/?p=3186"},"modified":"2020-09-21T10:14:02","modified_gmt":"2020-09-21T08:14:02","slug":"exposition-la-fin-du-systeme-concentrationnaire-le-retour-a-la-liberte-des-deportes","status":"publish","type":"post","link":"http:\/\/jnr-cpl.com\/?p=3186","title":{"rendered":"Exposition La fin du syst\u00e8me concentrationnaire : le\u00a0retour \u00e0 la libert\u00e9 des d\u00e9port\u00e9s"},"content":{"rendered":"<h2 style=\"text-align: center;\"><strong>Exposition<br \/>\n<a class=\"size_13 bold grisbleu\" href=\"https:\/\/www.lecese.fr\/agenda\/evenement\/la-fin-du-systeme-concentrationnaire-le-retour-la-liberte-des-deportes-exposition-organisee-en-partenariat-avec\" target=\"_blank\" rel=\"nofollow noopener noreferrer\">La fin du syst\u00e8me concentrationnaire :<br \/>\nle\u00a0retour \u00e0 la libert\u00e9 des d\u00e9port\u00e9s<\/a><\/strong><\/h2>\n<h1 style=\"text-align: center;\"><strong>Du 14 au 25 septembre 2020,<br \/>\nau Conseil \u00e9conomique, social<br \/>\net environnemental\u00a0<\/strong>(CESE,\u00a0Palais d&rsquo;I\u00e9na),<\/h1>\n<p style=\"text-align: left;\">la Fondation pour la M\u00e9moire de la D\u00e9portation (FMD), en partenariat avec le\u00a0CESE,\u00a0 pr\u00e9sente une exposition :\u00a0<a class=\"size_13 bold grisbleu\" href=\"https:\/\/www.lecese.fr\/agenda\/evenement\/la-fin-du-systeme-concentrationnaire-le-retour-la-liberte-des-deportes-exposition-organisee-en-partenariat-avec\" target=\"_blank\" rel=\"nofollow noopener noreferrer\">\u00ab\u00a0La fin du syst\u00e8me concentrationnaire : le\u00a0retour \u00e0 la libert\u00e9 des d\u00e9port\u00e9s\u00a0\u00bb<\/a>.<br \/>\nPlusieurs panneaux de l&rsquo;exposition\u00a0\u00ab\u00a0Lutetia\u00a0\u00bb y sont inclus.<br \/>\nPour y acc\u00e9der,\u00a0Inscription obligatoire aupr\u00e8s du CESE :<br \/>\n<strong>T\u00e9l\u00a0:<\/strong>\u00a001 44 43 60 00 <strong>Courriel<\/strong>:\u00a0<a href=\"mailto:contact@lecese.fr\" target=\"_blank\" rel=\"noopener noreferrer\">contact@lecese.fr<\/a> ;<br \/>\nM\u00e9tro\u00a0<strong>:<\/strong>\u00a0Station\u00a0I\u00e9na\u00a0(ligne\u00a09) ; Bus\u00a0:\u00a0Arr\u00eat\u00a0I\u00e9na\u00a0(lignes\u00a032, 63 et\u00a082)<\/p>\n<p><strong>\u00a0Voir le blog de la Fondation pour la M\u00e9moire de la\u00a0D\u00e9portation <\/strong><br \/>\n<a href=\"https:\/\/fondationmemoiredeportation.com\/2020\/09\/01\/a-decouvrir-au-cese-lexposition-la-fin-du-systeme-concentrationnaire-le-retour-a-la-liberte-des-deportes\/\" target=\"_blank\" rel=\"noopener noreferrer\">https:\/\/fondationmemoiredeportation.com\/2020\/09\/01\/a-decouvrir-au-cese-lexposition-la-fin-du-systeme-concentrationnaire-le-retour-a-la-liberte-des-deportes\/<\/a><\/p>\n<p><strong>\u00a0Voir\u00a0le site du CESE<\/strong><br \/>\n<a href=\"https:\/\/www.lecese.fr\/fondation-memoire-deportation-exposition-retour-deportes\" target=\"_blank\" rel=\"noopener noreferrer\">https:\/\/www.lecese.fr\/fondation-memoire-deportation-exposition-retour-deportes<\/a><\/p>\n<p style=\"text-align: left;\"><strong>Initiatives autour de\u00a0l&rsquo;exposition :\u00a0le mercredi\u00a023 septembre\u00a0\u00e0\u00a0partir de 17h30 au CESE :<\/strong><\/p>\n<ul>\n<li style=\"text-align: left;\"><strong>l&rsquo;\u00e9tat\u00a0sanitaire des d\u00e9port\u00e9s \u00e0 leur retour<\/strong>, par les m\u00e9decins de la\u00a0commission m\u00e9dico-sociale de la FMD<\/li>\n<li style=\"text-align: left;\"><strong>le\u00a0r\u00f4le du t\u00e9moignage dans la construction d&rsquo;une m\u00e9moire collective<\/strong>, par\u00a0<a href=\"https:\/\/www.cnrseditions.fr\/auteur\/denis-peschanski\/\" target=\"_blank\" rel=\"noopener noreferrer\">Denis Peschanski, directeur de recherche au CNRS<\/a>.<\/li>\n<li style=\"text-align: left;\">\n<p style=\"text-align: left;\">Le\u00a0<strong>jeudi 24 septembre :\u00a0<\/strong> journ\u00e9e d&rsquo;\u00e9tude sur la th\u00e9matique\u00a0<strong>\u00ab\u00a0Femmes dans la d\u00e9portation\u00a0\u00bb et\u00a0<\/strong><strong>lancement de l&rsquo;ouvrage : \u00ab\u00a0le livre des 9 000 d\u00e9port\u00e9s de\u00a0France \u00e0 Mittelbau-Dora,<\/strong>\u00a0Camp de concentration et d&rsquo;extermination par\u00a0le travail\u00a0\u00bb.<\/p>\n<\/li>\n<li style=\"text-align: left;\">\n<p style=\"text-align: left;\"><strong>Sur\u00a0cet ouvrage :<\/strong><\/p>\n<p style=\"text-align: left;\">&#8211; voir le lien du documentaire r\u00e9alis\u00e9 sur son lancement, sur le\u00a0site\u00a0<a href=\"http:\/\/75ansliberationcampsnazis.fr\/\" target=\"_blank\" rel=\"noopener noreferrer\">http:\/\/75ansliberationcampsnazis.fr\/<\/a>\u00a0et la page facebook\u00a0<a href=\"https:\/\/www.facebook.com\/75ansliberationcamps\/\" target=\"_blank\" rel=\"noopener noreferrer\">https:\/\/www.facebook.com\/75ansliberationcamps\/<\/a><\/p>\n<p>&#8211; pr\u00e9sentation du dictionnaire par\u00a0St\u00e9phanie TROUILLARD, journaliste \u00e0 France 24\u00a0 : <a href=\"https:\/\/www.france24.com\/fr\/20200910-camp-de-mittelbau-dora-un-monument-de-papier-pour-sortir-des-d%C3%A9port%C3%A9s-de-l-oubli?fbclid=IwAR3TsUT4cROFT6s_tiWUi64R2cNn0G4yjhp5tgeqQ1NLtJenzO0ltaqqc4M&amp;ref=fb\">https:\/\/www.france24.com\/fr\/20200910-camp-de-mittelbau-dora-un-monument-de-papier-pour-sortir-des-d%C3%A9port%C3%A9s-de-l-oubli?fbclid=IwAR3TsUT4cROFT6s_tiWUi64R2cNn0G4yjhp5tgeqQ1NLtJenzO0ltaqqc4M&amp;ref=fb<\/a><\/li>\n<\/ul>\n","protected":false},"excerpt":{"rendered":"<p>Exposition La fin du syst\u00e8me concentrationnaire : le\u00a0retour \u00e0 la libert\u00e9 des d\u00e9port\u00e9s Du 14 au 25 septembre 2020, au Conseil \u00e9conomique, social et environnemental\u00a0(CESE,\u00a0Palais d&rsquo;I\u00e9na), la Fondation pour la M\u00e9moire de la D\u00e9portation (FMD), en partenariat avec le\u00a0CESE,\u00a0 pr\u00e9sente une exposition :\u00a0\u00ab\u00a0La fin du syst\u00e8me concentrationnaire : le\u00a0retour \u00e0 la libert\u00e9 des d\u00e9port\u00e9s\u00a0\u00bb. Plusieurs &hellip; <\/p>\n<p class=\"read-more\"><a class=\"btn btn-default\" href=\"http:\/\/jnr-cpl.com\/?p=3186\"> Read More<span class=\"screen-reader-text\">  Read More<\/span><\/a><\/p>\n","protected":false},"author":1,"featured_media":0,"comment_status":"closed","ping_status":"open","sticky":false,"template":"","format":"standard","meta":{"footnotes":""},"categories":[19,18],"tags":[],"class_list":["post-3186","post","type-post","status-publish","format-standard","hentry","category-actualite-de-la-deportation","category-actualite-de-la-resistance"],"_links":{"self":[{"href":"http:\/\/jnr-cpl.com\/index.php?rest_route=\/wp\/v2\/posts\/3186","targetHints":{"allow":["GET"]}}],"collection":[{"href":"http:\/\/jnr-cpl.com\/index.php?rest_route=\/wp\/v2\/posts"}],"about":[{"href":"http:\/\/jnr-cpl.com\/index.php?rest_route=\/wp\/v2\/types\/post"}],"author":[{"embeddable":true,"href":"http:\/\/jnr-cpl.com\/index.php?rest_route=\/wp\/v2\/users\/1"}],"replies":[{"embeddable":true,"href":"http:\/\/jnr-cpl.com\/index.php?rest_route=%2Fwp%2Fv2%2Fcomments&post=3186"}],"version-history":[{"count":1,"href":"http:\/\/jnr-cpl.com\/index.php?rest_route=\/wp\/v2\/posts\/3186\/revisions"}],"predecessor-version":[{"id":3187,"href":"http:\/\/jnr-cpl.com\/index.php?rest_route=\/wp\/v2\/posts\/3186\/revisions\/3187"}],"wp:attachment":[{"href":"http:\/\/jnr-cpl.com\/index.php?rest_route=%2Fwp%2Fv2%2Fmedia&parent=3186"}],"wp:term":[{"taxonomy":"category","embeddable":true,"href":"http:\/\/jnr-cpl.com\/index.php?rest_route=%2Fwp%2Fv2%2Fcategories&post=3186"},{"taxonomy":"post_tag","embeddable":true,"href":"http:\/\/jnr-cpl.com\/index.php?rest_route=%2Fwp%2Fv2%2Ftags&post=3186"}],"curies":[{"name":"wp","href":"https:\/\/api.w.org\/{rel}","templated":true}]}}