{"id":3166,"date":"2020-09-21T10:08:57","date_gmt":"2020-09-21T08:08:57","guid":{"rendered":"http:\/\/jnr-cpl.com\/?p=3166"},"modified":"2020-09-21T10:08:57","modified_gmt":"2020-09-21T08:08:57","slug":"festival-avignon-off-lecture-marie-claude-ou-le-muguet-des-deportes-par-jean-pierre-thiercelin","status":"publish","type":"post","link":"http:\/\/jnr-cpl.com\/?p=3166","title":{"rendered":"Festival Avignon Off  &#8211; Lecture \u00ab\u00a0Marie-Claude ou le muguet des d\u00e9port\u00e9s\u00a0\u00bb par Jean-Pierre Thiercelin"},"content":{"rendered":"<p><img loading=\"lazy\" decoding=\"async\" class=\"alignnone size-full wp-image-3174\" src=\"http:\/\/jnr-cpl.com\/wp-content\/uploads\/2020\/09\/Capture-d\u2019e\u0301cran-2020-09-21-a\u0300-09.55.13.png\" alt=\"\" width=\"154\" height=\"126\" \/><\/p>\n<p><iframe loading=\"lazy\" class=\"wmvid\" src=\"https:\/\/www.festi.tv\/embed\/962\/\" width=\"640\" height=\"360\" frameborder=\"0\" allowfullscreen=\"allowfullscreen\"><\/iframe><\/p>\n<p>En partenariat avec le Billet des Auteurs de Th\u00e9\u00e2tre (BAT), l&rsquo;Espace Alya innove cette ann\u00e9e en offrant au public des s\u00e9ances de lecture libres men\u00e9es par\u00a0divers auteurs de th\u00e9\u00e2tre contemporains.<\/p>\n<p>Le 7 juillet \u00e0 21h, Jean-Pierre Thiercelin inaugurait donc cette section avec son texte \u00ab\u00a0Marie-Claude ou le muguet des d\u00e9port\u00e9s\u00a0\u00bb.<\/p>\n<p>Elle \u00a0vend son muguet avec gouaille et passion&#8230; Tout le monde n\u2019a pas eu la chance d\u2019avoir des parents communistes, elle si\u00a0!&#8230; Ils lui ont donn\u00e9 le pr\u00e9nom de Marie-Claude Vaillant-Couturier, qui de la r\u00e9sistance au proc\u00e8s de Nuremberg, d\u2019Auschwitz \u00e0 Ravensbr\u00fcck, du parti communiste \u00e0 la Fondation pour la M\u00e9moire de la D\u00e9portation sut allier engagement et amour de la vie. Un regard sur la M\u00e9moire au fil des premiers mai, du temps qui passe et des temps qui changent&#8230;<\/p>\n","protected":false},"excerpt":{"rendered":"<p>En partenariat avec le Billet des Auteurs de Th\u00e9\u00e2tre (BAT), l&rsquo;Espace Alya innove cette ann\u00e9e en offrant au public des s\u00e9ances de lecture libres men\u00e9es par\u00a0divers auteurs de th\u00e9\u00e2tre contemporains. Le 7 juillet \u00e0 21h, Jean-Pierre Thiercelin inaugurait donc cette section avec son texte \u00ab\u00a0Marie-Claude ou le muguet des d\u00e9port\u00e9s\u00a0\u00bb. Elle \u00a0vend son muguet avec &hellip; <\/p>\n<p class=\"read-more\"><a class=\"btn btn-default\" href=\"http:\/\/jnr-cpl.com\/?p=3166\"> Read More<span class=\"screen-reader-text\">  Read More<\/span><\/a><\/p>\n","protected":false},"author":1,"featured_media":0,"comment_status":"closed","ping_status":"open","sticky":false,"template":"","format":"standard","meta":{"footnotes":""},"categories":[19],"tags":[],"class_list":["post-3166","post","type-post","status-publish","format-standard","hentry","category-actualite-de-la-deportation"],"_links":{"self":[{"href":"http:\/\/jnr-cpl.com\/index.php?rest_route=\/wp\/v2\/posts\/3166","targetHints":{"allow":["GET"]}}],"collection":[{"href":"http:\/\/jnr-cpl.com\/index.php?rest_route=\/wp\/v2\/posts"}],"about":[{"href":"http:\/\/jnr-cpl.com\/index.php?rest_route=\/wp\/v2\/types\/post"}],"author":[{"embeddable":true,"href":"http:\/\/jnr-cpl.com\/index.php?rest_route=\/wp\/v2\/users\/1"}],"replies":[{"embeddable":true,"href":"http:\/\/jnr-cpl.com\/index.php?rest_route=%2Fwp%2Fv2%2Fcomments&post=3166"}],"version-history":[{"count":1,"href":"http:\/\/jnr-cpl.com\/index.php?rest_route=\/wp\/v2\/posts\/3166\/revisions"}],"predecessor-version":[{"id":3180,"href":"http:\/\/jnr-cpl.com\/index.php?rest_route=\/wp\/v2\/posts\/3166\/revisions\/3180"}],"wp:attachment":[{"href":"http:\/\/jnr-cpl.com\/index.php?rest_route=%2Fwp%2Fv2%2Fmedia&parent=3166"}],"wp:term":[{"taxonomy":"category","embeddable":true,"href":"http:\/\/jnr-cpl.com\/index.php?rest_route=%2Fwp%2Fv2%2Fcategories&post=3166"},{"taxonomy":"post_tag","embeddable":true,"href":"http:\/\/jnr-cpl.com\/index.php?rest_route=%2Fwp%2Fv2%2Ftags&post=3166"}],"curies":[{"name":"wp","href":"https:\/\/api.w.org\/{rel}","templated":true}]}}