{"id":3162,"date":"2020-09-21T10:02:13","date_gmt":"2020-09-21T08:02:13","guid":{"rendered":"http:\/\/jnr-cpl.com\/?p=3162"},"modified":"2020-09-21T10:02:13","modified_gmt":"2020-09-21T08:02:13","slug":"comme-en-40-lexpo-qui-fait-revivre-le-tournant-de-la-seconde-guerre-mondiale","status":"publish","type":"post","link":"http:\/\/jnr-cpl.com\/?p=3162","title":{"rendered":"\u00abComme en 40\u00bb, l\u2019expo qui fait revivre le tournant de la Seconde Guerre mondiale"},"content":{"rendered":"<header class=\"article_header\">\n<p class=\"col subheadline margin_bottom_subheadline widescreen-12 desktop-10\"><img loading=\"lazy\" decoding=\"async\" class=\"alignnone size-full wp-image-3173\" src=\"http:\/\/jnr-cpl.com\/wp-content\/uploads\/2020\/09\/Capture-d\u2019e\u0301cran-2020-09-21-a\u0300-09.54.29.png\" alt=\"\" width=\"148\" height=\"61\" \/><\/p>\n<p class=\"col subheadline margin_bottom_subheadline widescreen-12 desktop-10\">L\u2019exposition qui s\u2019ouvre le 17 septembre au mus\u00e9e de l\u2019Arm\u00e9e, aux Invalides, c\u00e9l\u00e8bre le 80e anniversaire de la campagne de France, de l\u2019appel du 18 juin et de la cr\u00e9ation de la France Libre. Visite en avant-premi\u00e8re.<\/p>\n<p><span class=\"byline container_row grid\"><span class=\"author margin_right_xs margin_top_sm ui\">Par<span class=\"margin_top_sm ui_bold\"> Valentine Rousseau<\/span><\/span><\/span><\/p>\n<div class=\"timestamp width_full margin_top_ten ui\">Le 16 septembre 2020 \u00e0 15h26<\/div>\n<div class=\"article-section margin_bottom_article\">\n<section class=\"content\">\n<p class=\"paragraph text_align_left\" data-original-fontsize=\"19px\" data-original-lineheight=\"30px\">L&rsquo;atmosph\u00e8re d&rsquo;une ann\u00e9e terrible. Celle de 1940, ann\u00e9e de la campagne de France, de l&rsquo;appel de <a href=\"https:\/\/www.leparisien.fr\/politique\/de-gaulle-gambetta-en-2020-macron-sur-les-traces-du-passe-glorieux-de-la-france-02-01-2020-8227305.php\" target=\"_blank\" rel=\"noopener noreferrer\" data-original-fontsize=\"19px\" data-original-lineheight=\"30px\">De Gaulle \u00e0 Londres<\/a>, de la capitulation fran\u00e7aise et du gouvernement de Vichy. A travers 250 objets, le mus\u00e9e de l&rsquo;Arm\u00e9e, aux Invalides, met en sc\u00e8ne les coulisses et la fa\u00e7on dont les Fran\u00e7ais ont per\u00e7u cette ann\u00e9e. <a href=\"https:\/\/www.musee-armee.fr\/au-programme\/expositions\/detail\/exposition-comme-en-40.html\" target=\"_blank\" rel=\"nofollow noopener noreferrer\" data-original-fontsize=\"19px\" data-original-lineheight=\"30px\">L&rsquo;exposition \u00ab Comme en 40 \u00bb<\/a> se d\u00e9coupe en deux salles. Deux ambiances.<\/p>\n<\/section>\n<section class=\"content\">\n<p class=\"paragraph text_align_left\" data-original-fontsize=\"19px\" data-original-lineheight=\"30px\">La premi\u00e8re d\u00e9roule 1940 de fa\u00e7on chronologique, avec carte anim\u00e9e, uniformes, exemplaires de \u00ab Mein Kampf \u00bb. Dans la seconde salle, la visite \u00e9volue du sombre des prisonniers \u00e0 la lumi\u00e8re de la libert\u00e9. Sur un \u00e9cran d\u00e9filent une centaine de gros titres du journal Le Petit Parisien, sous une vitrine de tickets de rationnement, de photos d&rsquo;Allemands festifs \u00e0 Paris. On d\u00e9couvre que <a href=\"https:\/\/www.leparisien.fr\/paris-75\/paris-au-musee-de-l-homme-l-espece-humaine-est-une-et-indivisible-08-06-2020-8331963.php\" target=\"_blank\" rel=\"noopener noreferrer\" data-original-fontsize=\"19px\" data-original-lineheight=\"30px\"> le premier mouvement collectif de r\u00e9sistance a \u00e9t\u00e9 mont\u00e9 au mus\u00e9e de l&rsquo;Homme<\/a>, cr\u00e9\u00e9 en 1938 face \u00e0 la mont\u00e9e du nazisme. Son directeur et fondateur, Paul Rivet, placarde sur la porte du mus\u00e9e le 14 juin 1940, le po\u00e8me \u00ab If \u00bb (\u00ab Tu seras un homme mon fils \u00bb) de Kipling. De tous les objets vus au fil de la visite, en voici quatre, exceptionnels ou t\u00e9moins symboliques de cette terrible ann\u00e9e.<\/p>\n<p data-original-fontsize=\"19px\" data-original-lineheight=\"30px\"><a href=\"https:\/\/www.leparisien.fr\/culture-loisirs\/sortir-region-parisienne\/comme-en-40-l-expo-qui-fait-revivre-le-tournant-de-la-seconde-guerre-mondiale-16-09-2020-8385780.php\" target=\"_blank\" rel=\"noopener noreferrer\"><strong>LIRE LA SUITE<\/strong><\/a><\/p>\n<\/section>\n<\/div>\n<\/header>\n","protected":false},"excerpt":{"rendered":"<p>L\u2019exposition qui s\u2019ouvre le 17 septembre au mus\u00e9e de l\u2019Arm\u00e9e, aux Invalides, c\u00e9l\u00e8bre le 80e anniversaire de la campagne de France, de l\u2019appel du 18 juin et de la cr\u00e9ation de la France Libre. Visite en avant-premi\u00e8re. Par Valentine Rousseau Le 16 septembre 2020 \u00e0 15h26 L&rsquo;atmosph\u00e8re d&rsquo;une ann\u00e9e terrible. Celle de 1940, ann\u00e9e de &hellip; <\/p>\n<p class=\"read-more\"><a class=\"btn btn-default\" href=\"http:\/\/jnr-cpl.com\/?p=3162\"> Read More<span class=\"screen-reader-text\">  Read More<\/span><\/a><\/p>\n","protected":false},"author":1,"featured_media":0,"comment_status":"closed","ping_status":"open","sticky":false,"template":"","format":"standard","meta":{"footnotes":""},"categories":[18],"tags":[],"class_list":["post-3162","post","type-post","status-publish","format-standard","hentry","category-actualite-de-la-resistance"],"_links":{"self":[{"href":"http:\/\/jnr-cpl.com\/index.php?rest_route=\/wp\/v2\/posts\/3162","targetHints":{"allow":["GET"]}}],"collection":[{"href":"http:\/\/jnr-cpl.com\/index.php?rest_route=\/wp\/v2\/posts"}],"about":[{"href":"http:\/\/jnr-cpl.com\/index.php?rest_route=\/wp\/v2\/types\/post"}],"author":[{"embeddable":true,"href":"http:\/\/jnr-cpl.com\/index.php?rest_route=\/wp\/v2\/users\/1"}],"replies":[{"embeddable":true,"href":"http:\/\/jnr-cpl.com\/index.php?rest_route=%2Fwp%2Fv2%2Fcomments&post=3162"}],"version-history":[{"count":1,"href":"http:\/\/jnr-cpl.com\/index.php?rest_route=\/wp\/v2\/posts\/3162\/revisions"}],"predecessor-version":[{"id":3175,"href":"http:\/\/jnr-cpl.com\/index.php?rest_route=\/wp\/v2\/posts\/3162\/revisions\/3175"}],"wp:attachment":[{"href":"http:\/\/jnr-cpl.com\/index.php?rest_route=%2Fwp%2Fv2%2Fmedia&parent=3162"}],"wp:term":[{"taxonomy":"category","embeddable":true,"href":"http:\/\/jnr-cpl.com\/index.php?rest_route=%2Fwp%2Fv2%2Fcategories&post=3162"},{"taxonomy":"post_tag","embeddable":true,"href":"http:\/\/jnr-cpl.com\/index.php?rest_route=%2Fwp%2Fv2%2Ftags&post=3162"}],"curies":[{"name":"wp","href":"https:\/\/api.w.org\/{rel}","templated":true}]}}