{"id":3141,"date":"2020-09-07T10:08:06","date_gmt":"2020-09-07T08:08:06","guid":{"rendered":"http:\/\/jnr-cpl.com\/?p=3141"},"modified":"2020-09-07T10:08:06","modified_gmt":"2020-09-07T08:08:06","slug":"documentaire-les-9000-vies-du-camp-nazi-de-mittelbau-dora","status":"publish","type":"post","link":"http:\/\/jnr-cpl.com\/?p=3141","title":{"rendered":"[DOCUMENTAIRE] Les 9000 vies du camp nazi de Mittelbau-Dora"},"content":{"rendered":"<p><iframe loading=\"lazy\" src=\"https:\/\/www.youtube.com\/embed\/wqbAeRMfGAY\" width=\"560\" height=\"315\" frameborder=\"0\" allowfullscreen=\"allowfullscreen\"><\/iframe><\/p>\n<p><span class=\"style-scope yt-formatted-string\" dir=\"auto\">Je m&rsquo;appelle Fran\u00e7ois Jazbinsek. Je suis n\u00e9 en 1922. J&rsquo;ai \u00e9t\u00e9 d\u00e9port\u00e9 au camp de concentration nazi de Mittelbau-Dora durant la seconde guerre mondiale. Je suis mort en d\u00e9portation avant d&rsquo;avoir atteint les 22 ans. Mon fr\u00e8re Joseph quant \u00e0 lui a surv\u00e9cu \u00e0 cet enfer. Aujourd&rsquo;hui, ce n&rsquo;est pas seulement notre histoire que je vais vous raconter mais celle des 9000 d\u00e9port\u00e9s du camp de concentration de Mittelbau-Dora.<\/span><\/p>\n<p><span class=\"style-scope yt-formatted-string\" dir=\"auto\"> Interview, images, montage et musique : Fabrice JAZBINSEK<br \/>\n<\/span><span class=\"style-scope yt-formatted-string\" dir=\"auto\">Traduction : Gilbert BARTHEL Secr\u00e9tariat : C\u00e9lestine JACOBI Remerciements : La Coupole Centre Historique Le M\u00e9morial de Mittelbau-Dora L&rsquo;Universit\u00e9 de G\u00f6ttingen<br \/>\n<\/span><\/p>\n<p><span class=\"style-scope yt-formatted-string\" dir=\"auto\">\u25bc SUIVEZ-MOI \u25bc Instagram : <\/span><a class=\"yt-simple-endpoint style-scope yt-formatted-string\" dir=\"auto\" spellcheck=\"false\" href=\"https:\/\/www.youtube.com\/redirect?q=https%3A%2F%2Fwww.instagram.com%2Ffjazbinsek%2F%3Fhl%3Dfr&amp;redir_token=QUFFLUhqa3dDSEU0cVpaLXFrbHoyNDZVSWRxSFpoX2NuUXxBQ3Jtc0trZlpmS1ZQd2drRmQ5Z1VVcWF6bXRTMjlxanpfbmFld213am1fYllub01kTFktUDlmRi1tVVVrRHNScmlnX1BLenNWUWNDZHhqVGUwLWYxQ0g1cHp4eHlJYlJvdlVMd1Z0RFRabFN2cFRQbDRYeUFObw%3D%3D&amp;event=video_description&amp;v=wqbAeRMfGAY\" target=\"_blank\" rel=\"nofollow noopener noreferrer\">https:\/\/www.instagram.com\/fjazbinsek\/&#8230;<\/a><span class=\"style-scope yt-formatted-string\" dir=\"auto\"> Twitter : <\/span><a class=\"yt-simple-endpoint style-scope yt-formatted-string\" dir=\"auto\" spellcheck=\"false\" href=\"https:\/\/www.youtube.com\/redirect?q=https%3A%2F%2Ftwitter.com%2Ffjazbinsek&amp;redir_token=QUFFLUhqa2lVRWpSNi1rZkNVa1pCOEFlWlhGODhNeWFYZ3xBQ3Jtc0ttSnBVUWVVTjdxbzJOTWlCVHZxTHpEYm1XLVVNU2xBUjJLSWY4aV9xNEN0Qkx1SXJ5RjZnaUQ0SUlDOXFUV0FzTEFPaFNUY2FqVThoQnNsejM1OTRzSTJRRUtrZGk4eUNjN2p2Tzh2ZmhCdG5Ed2tkRQ%3D%3D&amp;event=video_description&amp;v=wqbAeRMfGAY\" target=\"_blank\" rel=\"nofollow noopener noreferrer\">https:\/\/twitter.com\/fjazbinsek<\/a><span class=\"style-scope yt-formatted-string\" dir=\"auto\"> Facebook : <\/span><a class=\"yt-simple-endpoint style-scope yt-formatted-string\" dir=\"auto\" spellcheck=\"false\" href=\"https:\/\/www.youtube.com\/redirect?q=https%3A%2F%2Fwww.facebook.com%2Ffabricejazbinsek&amp;redir_token=QUFFLUhqa0JIYUUyRFlHNEtkRmlyaXQ4bk1RNThlV2FqUXxBQ3Jtc0ttWXZuMWNNbW12MVZZX05VM3VKT2ZPemVHZW9XOGhxU0hNNld5VjVPNlFrR3VzdzNNT1NrX1Q2M3pPLU5RSmV5WXA2MUtPR1RZSUhEY1BIdUIwamFHMGtBVHA2WWprZUV0ZEQ5LXBGV095ZDEtdVhCUQ%3D%3D&amp;event=video_description&amp;v=wqbAeRMfGAY\" target=\"_blank\" rel=\"nofollow noopener noreferrer\">https:\/\/www.facebook.com\/fabricejazbi&#8230;<\/a><span class=\"style-scope yt-formatted-string\" dir=\"auto\"> Site : <\/span><a class=\"yt-simple-endpoint style-scope yt-formatted-string\" dir=\"auto\" spellcheck=\"false\" href=\"https:\/\/www.youtube.com\/redirect?q=http%3A%2F%2Ffabrice-jazbinsek.mystrikingly.com&amp;redir_token=QUFFLUhqbjlnczlBOFhNVHZHNlpnWUZEYWpDWDZvZlBtQXxBQ3Jtc0ttQ2pxSU13Q1VYY3UtSjYxdjM0bUtaaC1kRngxVDNzN3lLUUNNQXYyaGptNFJWaXJvcEJXZG1FNFRHN0lVS0x2R2VfYy1UZzh2R1l2ZGU2NEtBZ0FuX0lpX09ReWI4MkhFM3Y4V3c4YXB4MEpNTkF2cw%3D%3D&amp;event=video_description&amp;v=wqbAeRMfGAY\" target=\"_blank\" rel=\"nofollow noopener noreferrer\">http:\/\/fabrice-jazbinsek.mystrikingly&#8230;<\/a><\/p>\n","protected":false},"excerpt":{"rendered":"<p>Je m&rsquo;appelle Fran\u00e7ois Jazbinsek. Je suis n\u00e9 en 1922. J&rsquo;ai \u00e9t\u00e9 d\u00e9port\u00e9 au camp de concentration nazi de Mittelbau-Dora durant la seconde guerre mondiale. Je suis mort en d\u00e9portation avant d&rsquo;avoir atteint les 22 ans. Mon fr\u00e8re Joseph quant \u00e0 lui a surv\u00e9cu \u00e0 cet enfer. Aujourd&rsquo;hui, ce n&rsquo;est pas seulement notre histoire que je &hellip; <\/p>\n<p class=\"read-more\"><a class=\"btn btn-default\" href=\"http:\/\/jnr-cpl.com\/?p=3141\"> Read More<span class=\"screen-reader-text\">  Read More<\/span><\/a><\/p>\n","protected":false},"author":1,"featured_media":0,"comment_status":"closed","ping_status":"open","sticky":false,"template":"","format":"standard","meta":{"footnotes":""},"categories":[19,18],"tags":[],"class_list":["post-3141","post","type-post","status-publish","format-standard","hentry","category-actualite-de-la-deportation","category-actualite-de-la-resistance"],"_links":{"self":[{"href":"http:\/\/jnr-cpl.com\/index.php?rest_route=\/wp\/v2\/posts\/3141","targetHints":{"allow":["GET"]}}],"collection":[{"href":"http:\/\/jnr-cpl.com\/index.php?rest_route=\/wp\/v2\/posts"}],"about":[{"href":"http:\/\/jnr-cpl.com\/index.php?rest_route=\/wp\/v2\/types\/post"}],"author":[{"embeddable":true,"href":"http:\/\/jnr-cpl.com\/index.php?rest_route=\/wp\/v2\/users\/1"}],"replies":[{"embeddable":true,"href":"http:\/\/jnr-cpl.com\/index.php?rest_route=%2Fwp%2Fv2%2Fcomments&post=3141"}],"version-history":[{"count":1,"href":"http:\/\/jnr-cpl.com\/index.php?rest_route=\/wp\/v2\/posts\/3141\/revisions"}],"predecessor-version":[{"id":3154,"href":"http:\/\/jnr-cpl.com\/index.php?rest_route=\/wp\/v2\/posts\/3141\/revisions\/3154"}],"wp:attachment":[{"href":"http:\/\/jnr-cpl.com\/index.php?rest_route=%2Fwp%2Fv2%2Fmedia&parent=3141"}],"wp:term":[{"taxonomy":"category","embeddable":true,"href":"http:\/\/jnr-cpl.com\/index.php?rest_route=%2Fwp%2Fv2%2Fcategories&post=3141"},{"taxonomy":"post_tag","embeddable":true,"href":"http:\/\/jnr-cpl.com\/index.php?rest_route=%2Fwp%2Fv2%2Ftags&post=3141"}],"curies":[{"name":"wp","href":"https:\/\/api.w.org\/{rel}","templated":true}]}}