{"id":2738,"date":"2020-03-16T08:45:33","date_gmt":"2020-03-16T07:45:33","guid":{"rendered":"http:\/\/jnr-cpl.com\/?p=2738"},"modified":"2020-03-16T08:45:33","modified_gmt":"2020-03-16T07:45:33","slug":"visite-libre-de-lexposition-temporaire-georges-despaux-centre-detudes-et-musee-edmond-michelet-de-brive-la-gaillarde","status":"publish","type":"post","link":"http:\/\/jnr-cpl.com\/?p=2738","title":{"rendered":"Visite libre de l\u2019exposition temporaire \u00ab Georges Despaux \u00bb Centre d\u2019\u00e9tudes et mus\u00e9e Edmond-Michelet de Brive-la-Gaillarde"},"content":{"rendered":"<h2><strong>Visite libre de l\u2019exposition temporaire \u00ab\u00a0Georges Despaux\u00a0\u00bb Centre d\u2019\u00e9tudes et mus\u00e9e Edmond-Michelet, 16 mai 2020-16 mai 2020, Brive-la-Gaillarde. <\/strong><\/h2>\n<p>Visite libre de l\u2019exposition temporaire \u00ab\u00a0Georges Despaux\u00a0\u00bb Centre d\u2019\u00e9tudes et mus\u00e9e Edmond-Michelet, le samedi 16 mai \u00e0 20:00<br \/>\nEn lien avec l\u2019exposition temporaire centr\u00e9e sur les dessins de Georges Despaux r\u00e9alis\u00e9s dans le camp de concentration de Buchenwald, vous pourrez \u00e9galement d\u00e9couvrir le travail des \u00e9l\u00e8ves du Centre Municipal d\u2019Arts Plastiques qui exposent des portraits et qui expriment \u00e0 leur fa\u00e7on leurs ressentis face \u00e0 ces dessins pour l\u2019histoire. Entr\u00e9e libre<br \/>\nVenez visiter l\u2019exposition temporaire du mus\u00e9e centr\u00e9e sur les dessins de Georges Despaux, r\u00e9alis\u00e9s dans le camp de concentration de Buchenwald : portraits de d\u00e9port\u00e9s, sc\u00e8nes de vie dans le camp\u2026<br \/>\nCentre d\u2019\u00e9tudes et mus\u00e9e Edmond-Michelet 4 rue Champanatier, 19100, Brive-la-Gaillarde Brive-la-Gaillarde Corr\u00e8ze<\/p>\n","protected":false},"excerpt":{"rendered":"<p>Visite libre de l\u2019exposition temporaire \u00ab\u00a0Georges Despaux\u00a0\u00bb Centre d\u2019\u00e9tudes et mus\u00e9e Edmond-Michelet, 16 mai 2020-16 mai 2020, Brive-la-Gaillarde. Visite libre de l\u2019exposition temporaire \u00ab\u00a0Georges Despaux\u00a0\u00bb Centre d\u2019\u00e9tudes et mus\u00e9e Edmond-Michelet, le samedi 16 mai \u00e0 20:00 En lien avec l\u2019exposition temporaire centr\u00e9e sur les dessins de Georges Despaux r\u00e9alis\u00e9s dans le camp de concentration de &hellip; <\/p>\n<p class=\"read-more\"><a class=\"btn btn-default\" href=\"http:\/\/jnr-cpl.com\/?p=2738\"> Read More<span class=\"screen-reader-text\">  Read More<\/span><\/a><\/p>\n","protected":false},"author":1,"featured_media":0,"comment_status":"closed","ping_status":"open","sticky":false,"template":"","format":"standard","meta":{"footnotes":""},"categories":[19,18],"tags":[],"class_list":["post-2738","post","type-post","status-publish","format-standard","hentry","category-actualite-de-la-deportation","category-actualite-de-la-resistance"],"_links":{"self":[{"href":"http:\/\/jnr-cpl.com\/index.php?rest_route=\/wp\/v2\/posts\/2738","targetHints":{"allow":["GET"]}}],"collection":[{"href":"http:\/\/jnr-cpl.com\/index.php?rest_route=\/wp\/v2\/posts"}],"about":[{"href":"http:\/\/jnr-cpl.com\/index.php?rest_route=\/wp\/v2\/types\/post"}],"author":[{"embeddable":true,"href":"http:\/\/jnr-cpl.com\/index.php?rest_route=\/wp\/v2\/users\/1"}],"replies":[{"embeddable":true,"href":"http:\/\/jnr-cpl.com\/index.php?rest_route=%2Fwp%2Fv2%2Fcomments&post=2738"}],"version-history":[{"count":1,"href":"http:\/\/jnr-cpl.com\/index.php?rest_route=\/wp\/v2\/posts\/2738\/revisions"}],"predecessor-version":[{"id":2745,"href":"http:\/\/jnr-cpl.com\/index.php?rest_route=\/wp\/v2\/posts\/2738\/revisions\/2745"}],"wp:attachment":[{"href":"http:\/\/jnr-cpl.com\/index.php?rest_route=%2Fwp%2Fv2%2Fmedia&parent=2738"}],"wp:term":[{"taxonomy":"category","embeddable":true,"href":"http:\/\/jnr-cpl.com\/index.php?rest_route=%2Fwp%2Fv2%2Fcategories&post=2738"},{"taxonomy":"post_tag","embeddable":true,"href":"http:\/\/jnr-cpl.com\/index.php?rest_route=%2Fwp%2Fv2%2Ftags&post=2738"}],"curies":[{"name":"wp","href":"https:\/\/api.w.org\/{rel}","templated":true}]}}