{"id":2701,"date":"2020-03-09T10:12:46","date_gmt":"2020-03-09T09:12:46","guid":{"rendered":"http:\/\/jnr-cpl.com\/?p=2701"},"modified":"2020-03-09T10:12:46","modified_gmt":"2020-03-09T09:12:46","slug":"soeurs-darmes-femmes-en-guerre","status":"publish","type":"post","link":"http:\/\/jnr-cpl.com\/?p=2701","title":{"rendered":"S\u0153urs d&rsquo;armes, femmes en guerre"},"content":{"rendered":"<p><img loading=\"lazy\" decoding=\"async\" class=\"alignnone size-full wp-image-2722\" src=\"http:\/\/jnr-cpl.com\/wp-content\/uploads\/2020\/03\/Capture-d\u2019e\u0301cran-2020-03-09-a\u0300-09.58.00.png\" alt=\"\" width=\"131\" height=\"62\" \/><\/p>\n<p><img loading=\"lazy\" decoding=\"async\" class=\"alignnone size-full wp-image-2721\" src=\"http:\/\/jnr-cpl.com\/wp-content\/uploads\/2020\/03\/Capture-d\u2019e\u0301cran-2020-03-09-a\u0300-09.58.08.png\" alt=\"\" width=\"903\" height=\"681\" srcset=\"http:\/\/jnr-cpl.com\/wp-content\/uploads\/2020\/03\/Capture-d\u2019e\u0301cran-2020-03-09-a\u0300-09.58.08.png 903w, http:\/\/jnr-cpl.com\/wp-content\/uploads\/2020\/03\/Capture-d\u2019e\u0301cran-2020-03-09-a\u0300-09.58.08-300x226.png 300w, http:\/\/jnr-cpl.com\/wp-content\/uploads\/2020\/03\/Capture-d\u2019e\u0301cran-2020-03-09-a\u0300-09.58.08-768x579.png 768w, http:\/\/jnr-cpl.com\/wp-content\/uploads\/2020\/03\/Capture-d\u2019e\u0301cran-2020-03-09-a\u0300-09.58.08-358x270.png 358w\" sizes=\"auto, (max-width: 903px) 100vw, 903px\" \/><\/p>\n<p>La mobilisation des Fran\u00e7aises durant la Seconde Guerre mondiale et aux c\u00f4t\u00e9 de Charles de Gaulle fut-elle une r\u00e9volution ou un moment anecdotique per\u00e7u comme une anomalie par ses contemporains ? Qu\u2019est ce qui a pouss\u00e9 ces femmes \u00e0 s\u2019engager, comment furent-elles per\u00e7ues ?<\/p>\n<p>Avez-vous d\u00e9j\u00e0 \u00e9t\u00e9 boire un verre <em>Aux Tourlourous<\/em> ? Le <em>Tourlourous<\/em>, vous savez, c\u2019est le nom du cabaret\u2026 Il est l\u00e0-bas, \u00e0 deux pas de la for\u00eat. La servante est jeune et gentille, l\u00e9g\u00e8re comme un papillon. Comme son vin son \u0153il p\u00e9tille, nous l\u2019appelons la Madelon ! Je ne vais pas vous \u00e9tonner en vous disant que, quand Madelon vient nous servir \u00e0 boire, sous la tonnelle, on fr\u00f4le son jupon, et que chacun lui raconte une histoire, une histoire \u00e0 sa fa\u00e7on.<\/p>\n<p><em>Quand Madelon<\/em>, ou <em>La Madelon<\/em>, est une chanson cr\u00e9\u00e9e au d\u00e9but de l\u2019ann\u00e9e 1914 au caf\u00e9-concert l\u2019Eldorado par le chansonnier Louis Bousquet. Depuis, elle a \u00e9t\u00e9 reprise par tant et tant d\u2019artistes, dont Line Renaud\u00a0:<\/p>\n<blockquote><p>Pour le repos, le plaisir du militaire,<br \/>\nIl est l\u00e0-bas \u00e0 deux pas de la for\u00eat<br \/>\nUne maison aux murs tout couverts de lierre<br \/>\n<em>Aux Tourlourous<\/em> c\u2019est le nom du cabaret.<\/p><\/blockquote>\n<p>Dans cette chanson, \u00ab\u00a0un caporal en k\u00e9pi de fantaisie\u00a0\u00bb demande la main de Madelon\u00a0:<\/p>\n<blockquote><p>La Madelon, pas b\u00eate, en somme,<br \/>\nLui r\u00e9pondit en souriant\u00a0:<br \/>\nEt pourquoi prendrais-je un seul homme<br \/>\nQuand j\u2019aime tout un r\u00e9giment\u00a0?<\/p><\/blockquote>\n<p>Chanson sexiste <em>La Madelon<\/em> ? Chanson de son temps surtout, quand les femmes \u00e9taient cantonn\u00e9es au r\u00f4le de vivandi\u00e8res, celles qui suivent les troupes en campagne pour vendre des vivres et des boissons. Quand ont-elles pris les armes\u00a0? Retour sur le Corps des Volontaires fran\u00e7aises, premi\u00e8re unit\u00e9 militaire f\u00e9minine dans l\u2019histoire de l\u2019arm\u00e9e fran\u00e7aise !<\/p>\n<p>Nous recevons pour en parler <strong>Julie Le Gac<\/strong> enseignante-chercheuse \u00e0 l\u2019universit\u00e9 Paris-Nanterre et chercheuse postdoctorale au LabEx EHNE. Elle est notamment l\u2019auteur de <em>La France en chiffres de 1870 \u00e0 nos jours<\/em>, Perrin, 2015. Elle a \u00e9galement coordonn\u00e9 l\u2019ouvrage <a href=\"https:\/\/www.lisez.com\/livre-grand-format\/leurope-des-femmes\/9782262066666\" target=\"_blank\" rel=\"noopener\"><em>L&rsquo;Europe des femmes XVIII\u00e8me et XXI\u00e8me si\u00e8cles<\/em><\/a>, \u00e9dit\u00e9 chez Perrin en 2017.<\/p>\n<p>Pour \u00e9voquer l&rsquo;engagement des femmes dans le \u00ab\u00a0Corps des Volontaires fran\u00e7aises\u00a0\u00bb, premi\u00e8re unit\u00e9 militaire f\u00e9minine dans l\u2019histoire de l\u2019arm\u00e9e fran\u00e7aise, nous recevons <strong>S\u00e9bastien Albertelli<\/strong>, agr\u00e9g\u00e9 et docteur en histoire, sp\u00e9cialiste de l\u2019histoire de la R\u00e9sistance, de la France Libre et des services secrets, son ouvrage <a href=\"https:\/\/www.lisez.com\/livre-grand-format\/elles-ont-suivi-de-gaulle\/9782262075880\" target=\"_blank\" rel=\"noopener\"><em>Elles ont suivi de Gaulle<\/em><\/a> a paru au d\u00e9but de l&rsquo;ann\u00e9e chez les \u00e9ditions Perrin.<\/p>\n<p><a href=\"https:\/\/www.franceculture.fr\/emissions\/le-cours-de-lhistoire\/femmes-revoltees-lhistoire-a-reinventer-24-soeurs-darmes-femmes-en-guerre\" target=\"_blank\" rel=\"noopener\"><strong>LIRE LA SUITE<\/strong><\/a><\/p>\n","protected":false},"excerpt":{"rendered":"<p>La mobilisation des Fran\u00e7aises durant la Seconde Guerre mondiale et aux c\u00f4t\u00e9 de Charles de Gaulle fut-elle une r\u00e9volution ou un moment anecdotique per\u00e7u comme une anomalie par ses contemporains ? Qu\u2019est ce qui a pouss\u00e9 ces femmes \u00e0 s\u2019engager, comment furent-elles per\u00e7ues ? Avez-vous d\u00e9j\u00e0 \u00e9t\u00e9 boire un verre Aux Tourlourous ? Le Tourlourous, &hellip; <\/p>\n<p class=\"read-more\"><a class=\"btn btn-default\" href=\"http:\/\/jnr-cpl.com\/?p=2701\"> Read More<span class=\"screen-reader-text\">  Read More<\/span><\/a><\/p>\n","protected":false},"author":1,"featured_media":0,"comment_status":"closed","ping_status":"open","sticky":false,"template":"","format":"standard","meta":{"footnotes":""},"categories":[18],"tags":[],"class_list":["post-2701","post","type-post","status-publish","format-standard","hentry","category-actualite-de-la-resistance"],"_links":{"self":[{"href":"http:\/\/jnr-cpl.com\/index.php?rest_route=\/wp\/v2\/posts\/2701","targetHints":{"allow":["GET"]}}],"collection":[{"href":"http:\/\/jnr-cpl.com\/index.php?rest_route=\/wp\/v2\/posts"}],"about":[{"href":"http:\/\/jnr-cpl.com\/index.php?rest_route=\/wp\/v2\/types\/post"}],"author":[{"embeddable":true,"href":"http:\/\/jnr-cpl.com\/index.php?rest_route=\/wp\/v2\/users\/1"}],"replies":[{"embeddable":true,"href":"http:\/\/jnr-cpl.com\/index.php?rest_route=%2Fwp%2Fv2%2Fcomments&post=2701"}],"version-history":[{"count":1,"href":"http:\/\/jnr-cpl.com\/index.php?rest_route=\/wp\/v2\/posts\/2701\/revisions"}],"predecessor-version":[{"id":2729,"href":"http:\/\/jnr-cpl.com\/index.php?rest_route=\/wp\/v2\/posts\/2701\/revisions\/2729"}],"wp:attachment":[{"href":"http:\/\/jnr-cpl.com\/index.php?rest_route=%2Fwp%2Fv2%2Fmedia&parent=2701"}],"wp:term":[{"taxonomy":"category","embeddable":true,"href":"http:\/\/jnr-cpl.com\/index.php?rest_route=%2Fwp%2Fv2%2Fcategories&post=2701"},{"taxonomy":"post_tag","embeddable":true,"href":"http:\/\/jnr-cpl.com\/index.php?rest_route=%2Fwp%2Fv2%2Ftags&post=2701"}],"curies":[{"name":"wp","href":"https:\/\/api.w.org\/{rel}","templated":true}]}}