{"id":2700,"date":"2020-03-09T10:11:31","date_gmt":"2020-03-09T09:11:31","guid":{"rendered":"http:\/\/jnr-cpl.com\/?p=2700"},"modified":"2020-03-09T10:11:31","modified_gmt":"2020-03-09T09:11:31","slug":"lindomptable-etienne-mattler-footballeur-de-haut-niveau-et-grand-resistant","status":"publish","type":"post","link":"http:\/\/jnr-cpl.com\/?p=2700","title":{"rendered":"L\u2019indomptable \u00c9tienne Mattler, footballeur de haut niveau et grand r\u00e9sistant"},"content":{"rendered":"<h1><img loading=\"lazy\" decoding=\"async\" class=\"alignnone size-full wp-image-2720\" src=\"http:\/\/jnr-cpl.com\/wp-content\/uploads\/2020\/03\/Capture-d\u2019e\u0301cran-2020-03-09-a\u0300-09.58.24.png\" alt=\"\" width=\"170\" height=\"81\" \/><\/h1>\n<div class=\"chapo\">L\u2019Office national des anciens combattants pr\u00e9pare une exposition itin\u00e9rante pour honorer la m\u00e9moire de cet \u00ab\u00a0homme fascinant et enthousiasmant\u00a0\u00bb. Son parcours hors norme, exemplaire, peut aider \u00e0 mobiliser les jeunes g\u00e9n\u00e9rations autour des questions m\u00e9morielles.<\/div>\n<div class=\"infos\">Par <span class=\"author\">Alexandre BOLLENGIER<\/span> &#8211; <span class=\"publish\"> 04 mars 2020 \u00e0 05:05 | mis \u00e0 jour \u00e0 10:59 &#8211; Temps de lecture : <span id=\"readingTime\">5 min<\/span> <\/span><\/div>\n<div><\/div>\n<div>\n<div class=\"textComponent element1\">\n<p>C\u2019\u00e9tait le 4\u00a0d\u00e9cembre 1938, \u00e0 Naples. Match de football amical entre l\u2019Italie et la France. Plus que la d\u00e9faite (1 \u00e0 0), c\u2019est l\u2019accueil r\u00e9serv\u00e9 \u00e0 l\u2019\u00e9quipe de France qui a ulc\u00e9r\u00e9 \u00c9tienne Mattler, son capitaine. Elle a \u00e9t\u00e9 siffl\u00e9e durant toute la rencontre et l\u2019hymne fran\u00e7ais n\u2019a pas \u00e9t\u00e9 jou\u00e9 avant le coup d\u2019envoi.<\/p>\n<p>\u00c0 cette \u00e9poque, l\u2019Italie s\u2019ab\u00eeme dans le fascisme et l\u2019Europe, chauff\u00e9e \u00e0 blanc par la fi\u00e8vre nationaliste, acc\u00e9l\u00e8re \u00e0 l\u2019approche de l\u2019ab\u00eeme.<\/p>\n<\/div>\n<div class=\"bloc_relatedContent_InnerContent\"><span class=\"title\">A lire aussi<\/span><\/p>\n<h3><a title=\"\u00ab\u00a0Arr\u00eat\u00e9 avec le surv\u00eatement de l\u2019\u00e9quipe de France\u00a0\u00bb\" href=\"https:\/\/www.estrepublicain.fr\/edition-belfort-hericourt-montbeliard\/2020\/03\/04\/arrete-avec-le-survetement-de-l-equipe-de-france\">\u00ab\u00a0Arr\u00eat\u00e9 avec le surv\u00eatement de l\u2019\u00e9quipe de France\u00a0\u00bb<\/a><\/h3>\n<\/div>\n<div class=\"textComponent element2\">\n<h4>\u00c0 Naples, il chante la Marseillaise, debout sur une table<\/h4>\n<p>\u00c0 l\u2019issue du match, le onze tricolore est all\u00e9 se d\u00e9salt\u00e9rer dans un bar napolitain. \u00ab\u00a0\u00c9tienne Mattler est mont\u00e9 sur une table et a entonn\u00e9 la Marseillaise, reprise en ch\u0153ur par ses co\u00e9quipiers, devant des Italiens sid\u00e9r\u00e9s\u00a0\u00bb, raconte Micha\u00ebl Verry, directeur de l\u2019Office national des anciens combattants et victimes de guerre (ONACVG) du Territoire de Belfort. \u00ab\u00a0Pour saluer ce coup d\u2019\u00e9clat relat\u00e9 par la presse fran\u00e7aise, le pr\u00e9sident de la R\u00e9publique, Albert Lebrun, avait offert \u00e0 \u00c9tienne Mattler un vase de S\u00e8vres.\u00a0\u00bb<\/p>\n<p>Voil\u00e0 une anecdote qui r\u00e9sume bien cette personnalit\u00e9 hors du commun\u00a0: \u00ab\u00a0Un homme fascinant et enthousiasmant, un battant, un f\u00e9d\u00e9rateur capable d\u2019insuffler une \u00e9nergie folle \u00e0 toute son \u00e9quipe, un lion indomptable\u00a0\u00bb, s\u2019enthousiasme-t-il.<\/p>\n<\/div>\n<div class=\"textComponent element3\">\n<h4>Des missions p\u00e9rilleuses durant la guerre<\/h4>\n<p>N\u00e9 le jour de No\u00ebl 1905 \u00e0 Belfort, joueur embl\u00e9matique du Football Club de Sochaux et de l\u2019\u00e9quipe de France , \u00c9tienne Mattler s\u2019est aussi illustr\u00e9 pendant la Seconde Guerre mondiale, d\u2019abord dans l\u2019arm\u00e9e fran\u00e7aise lamin\u00e9e en 1940, puis dans la R\u00e9sistance \u00e0 partir de d\u00e9but 1942 (Corps Francs, groupe Ferrand). Ses actes lui ont valu deux Croix de Guerre (en\u00a01940 et\u00a01945) et deux citations militaires.<\/p>\n<p><a href=\"https:\/\/www.estrepublicain.fr\/edition-belfort-hericourt-montbeliard\/2020\/03\/04\/foot-et-resistance-l-indomptable-etienne-mattler\" target=\"_blank\" rel=\"noopener\"><strong>LIRE LA SUITE<\/strong><\/a><\/p>\n<\/div>\n<\/div>\n","protected":false},"excerpt":{"rendered":"<p>L\u2019Office national des anciens combattants pr\u00e9pare une exposition itin\u00e9rante pour honorer la m\u00e9moire de cet \u00ab\u00a0homme fascinant et enthousiasmant\u00a0\u00bb. Son parcours hors norme, exemplaire, peut aider \u00e0 mobiliser les jeunes g\u00e9n\u00e9rations autour des questions m\u00e9morielles. Par Alexandre BOLLENGIER &#8211; 04 mars 2020 \u00e0 05:05 | mis \u00e0 jour \u00e0 10:59 &#8211; Temps de lecture : &hellip; <\/p>\n<p class=\"read-more\"><a class=\"btn btn-default\" href=\"http:\/\/jnr-cpl.com\/?p=2700\"> Read More<span class=\"screen-reader-text\">  Read More<\/span><\/a><\/p>\n","protected":false},"author":1,"featured_media":0,"comment_status":"closed","ping_status":"open","sticky":false,"template":"","format":"standard","meta":{"footnotes":""},"categories":[18],"tags":[],"class_list":["post-2700","post","type-post","status-publish","format-standard","hentry","category-actualite-de-la-resistance"],"_links":{"self":[{"href":"http:\/\/jnr-cpl.com\/index.php?rest_route=\/wp\/v2\/posts\/2700","targetHints":{"allow":["GET"]}}],"collection":[{"href":"http:\/\/jnr-cpl.com\/index.php?rest_route=\/wp\/v2\/posts"}],"about":[{"href":"http:\/\/jnr-cpl.com\/index.php?rest_route=\/wp\/v2\/types\/post"}],"author":[{"embeddable":true,"href":"http:\/\/jnr-cpl.com\/index.php?rest_route=\/wp\/v2\/users\/1"}],"replies":[{"embeddable":true,"href":"http:\/\/jnr-cpl.com\/index.php?rest_route=%2Fwp%2Fv2%2Fcomments&post=2700"}],"version-history":[{"count":1,"href":"http:\/\/jnr-cpl.com\/index.php?rest_route=\/wp\/v2\/posts\/2700\/revisions"}],"predecessor-version":[{"id":2728,"href":"http:\/\/jnr-cpl.com\/index.php?rest_route=\/wp\/v2\/posts\/2700\/revisions\/2728"}],"wp:attachment":[{"href":"http:\/\/jnr-cpl.com\/index.php?rest_route=%2Fwp%2Fv2%2Fmedia&parent=2700"}],"wp:term":[{"taxonomy":"category","embeddable":true,"href":"http:\/\/jnr-cpl.com\/index.php?rest_route=%2Fwp%2Fv2%2Fcategories&post=2700"},{"taxonomy":"post_tag","embeddable":true,"href":"http:\/\/jnr-cpl.com\/index.php?rest_route=%2Fwp%2Fv2%2Ftags&post=2700"}],"curies":[{"name":"wp","href":"https:\/\/api.w.org\/{rel}","templated":true}]}}