{"id":2699,"date":"2020-03-09T10:10:24","date_gmt":"2020-03-09T09:10:24","guid":{"rendered":"http:\/\/jnr-cpl.com\/?p=2699"},"modified":"2020-03-09T10:10:24","modified_gmt":"2020-03-09T09:10:24","slug":"echirolles-isere-une-semaine-de-laffiche-rouge-en-hommage-au-groupe-manouchian","status":"publish","type":"post","link":"http:\/\/jnr-cpl.com\/?p=2699","title":{"rendered":"\u00c9chirolles (Is\u00e8re) : Une semaine de l\u2019Affiche rouge en hommage au Groupe Manouchian"},"content":{"rendered":"<p><img loading=\"lazy\" decoding=\"async\" class=\"alignnone size-full wp-image-2710\" src=\"http:\/\/jnr-cpl.com\/wp-content\/uploads\/2020\/03\/Capture-d\u2019e\u0301cran-2020-03-09-a\u0300-09.59.11.png\" alt=\"\" width=\"203\" height=\"93\" \/><\/p>\n<p><img loading=\"lazy\" decoding=\"async\" class=\"alignnone size-full wp-image-2711\" src=\"http:\/\/jnr-cpl.com\/wp-content\/uploads\/2020\/03\/Capture-d\u2019e\u0301cran-2020-03-09-a\u0300-09.59.18.png\" alt=\"\" width=\"656\" height=\"488\" srcset=\"http:\/\/jnr-cpl.com\/wp-content\/uploads\/2020\/03\/Capture-d\u2019e\u0301cran-2020-03-09-a\u0300-09.59.18.png 656w, http:\/\/jnr-cpl.com\/wp-content\/uploads\/2020\/03\/Capture-d\u2019e\u0301cran-2020-03-09-a\u0300-09.59.18-300x223.png 300w, http:\/\/jnr-cpl.com\/wp-content\/uploads\/2020\/03\/Capture-d\u2019e\u0301cran-2020-03-09-a\u0300-09.59.18-363x270.png 363w\" sizes=\"auto, (max-width: 656px) 100vw, 656px\" \/><\/p>\n<p>Point d\u2019orgue de la 8<sup class=\"typo_exposants\">e<\/sup> Semaine de l\u2019Affiche rouge d\u2019Echirolles, les \u00e9trangers dans la R\u00e9sistance, la comm\u00e9moration solennelle du 76<sup class=\"typo_exposants\">e<\/sup> anniversaire de l\u2019ex\u00e9cution, par les nazis au Mont-Val\u00e9rien le 21\u00a0f\u00e9vrier 1944, de Missak Manouchian et des Combattants \u00e9trangers des <span class=\"caps\">FTP<\/span>&#8211;<span class=\"caps\">MOI<\/span> de la r\u00e9gion parisienne, a r\u00e9uni dimanche 23\u00a0f\u00e9vrier place de la Lib\u00e9ration quelque 130 personnes \u00e0 l\u2019invitation conjointe de Renzo Sulli, maire, vice- pr\u00e9sident de Grenoble-Alpes M\u00e9tropole et de Daniel Marandjian, pr\u00e9sident de l\u2019Association des anciens combattants et r\u00e9sistants arm\u00e9niens de l\u2019arm\u00e9e fran\u00e7aise (<span class=\"caps\">AACRAAF<\/span>).<\/p>\n<p>On notait en outre la pr\u00e9sence de Sylvette Rochas et Daniel Bessiron, conseillers d\u00e9partementaux, Martine Jullian conseill\u00e8re d\u00e9l\u00e9gu\u00e9e et Bernard Macret adjoint au maire de Grenoble \u00c9ric Piolle, de nombreux \u00e9lus ainsi que les responsables des associations d\u2019anciens combattants, r\u00e9sistants, d\u00e9port\u00e9s et ami(e)s de la R\u00e9sistance avec leurs porte-drapeaux et les repr\u00e9sentants des associations arm\u00e9niennes de l\u2019agglom\u00e9ration grenobloise.<\/p>\n<p>Apr\u00e8s l\u2019accrochage d\u2019une gerbe sous la plaque de la rue Missak Manouchian, le cort\u00e8ge s\u2019est rendu au Monument aux morts orn\u00e9 de chevalets pr\u00e9sentant le portrait de Missak Manouchian et l\u2019Affiche rouge.<\/p>\n<p>Daniel Marandjian dans son discours tr\u00e8s applaudi a salu\u00e9 la m\u00e9moire de \u00ab<small class=\"fine\">\u00a0<\/small>ces h\u00e9ros de l\u2019ombre<small class=\"fine\">\u00a0<\/small>\u00bb que furent les combattants du groupe Manouchian. Il a r\u00e9it\u00e9r\u00e9 avec force la demande, formul\u00e9e depuis 2014, de transfert au Panth\u00e9on de la R\u00e9publique des cendres de ces martyrs de la libert\u00e9 qui attendent toujours dans leurs tombes du cimeti\u00e8re d\u2019Ivry la reconnaissance supr\u00eame de la Patrie.<br class=\"autobr\" \/> Aujourd\u2019hui des voix plus nombreuses reprennent cette exigence, notamment apr\u00e8s la disparition en 2018 d\u2019Ars\u00e8ne Tchakarian dernier survivant du groupe Manouchian. C\u2019est le cas du <span class=\"caps\">CCAF<\/span> et de plusieurs parlementaires \u00e0 l\u2019occasion des r\u00e9centes comm\u00e9morations.<\/p>\n<p><a href=\"http:\/\/www.armenews.com\/spip.php?page=article&amp;id_article=23190\" target=\"_blank\" rel=\"noopener\"><strong>LIRE LA SUITE<\/strong><\/a><\/p>\n","protected":false},"excerpt":{"rendered":"<p>Point d\u2019orgue de la 8e Semaine de l\u2019Affiche rouge d\u2019Echirolles, les \u00e9trangers dans la R\u00e9sistance, la comm\u00e9moration solennelle du 76e anniversaire de l\u2019ex\u00e9cution, par les nazis au Mont-Val\u00e9rien le 21\u00a0f\u00e9vrier 1944, de Missak Manouchian et des Combattants \u00e9trangers des FTP&#8211;MOI de la r\u00e9gion parisienne, a r\u00e9uni dimanche 23\u00a0f\u00e9vrier place de la Lib\u00e9ration quelque 130 personnes &hellip; <\/p>\n<p class=\"read-more\"><a class=\"btn btn-default\" href=\"http:\/\/jnr-cpl.com\/?p=2699\"> Read More<span class=\"screen-reader-text\">  Read More<\/span><\/a><\/p>\n","protected":false},"author":1,"featured_media":0,"comment_status":"closed","ping_status":"open","sticky":false,"template":"","format":"standard","meta":{"footnotes":""},"categories":[18],"tags":[],"class_list":["post-2699","post","type-post","status-publish","format-standard","hentry","category-actualite-de-la-resistance"],"_links":{"self":[{"href":"http:\/\/jnr-cpl.com\/index.php?rest_route=\/wp\/v2\/posts\/2699","targetHints":{"allow":["GET"]}}],"collection":[{"href":"http:\/\/jnr-cpl.com\/index.php?rest_route=\/wp\/v2\/posts"}],"about":[{"href":"http:\/\/jnr-cpl.com\/index.php?rest_route=\/wp\/v2\/types\/post"}],"author":[{"embeddable":true,"href":"http:\/\/jnr-cpl.com\/index.php?rest_route=\/wp\/v2\/users\/1"}],"replies":[{"embeddable":true,"href":"http:\/\/jnr-cpl.com\/index.php?rest_route=%2Fwp%2Fv2%2Fcomments&post=2699"}],"version-history":[{"count":1,"href":"http:\/\/jnr-cpl.com\/index.php?rest_route=\/wp\/v2\/posts\/2699\/revisions"}],"predecessor-version":[{"id":2727,"href":"http:\/\/jnr-cpl.com\/index.php?rest_route=\/wp\/v2\/posts\/2699\/revisions\/2727"}],"wp:attachment":[{"href":"http:\/\/jnr-cpl.com\/index.php?rest_route=%2Fwp%2Fv2%2Fmedia&parent=2699"}],"wp:term":[{"taxonomy":"category","embeddable":true,"href":"http:\/\/jnr-cpl.com\/index.php?rest_route=%2Fwp%2Fv2%2Fcategories&post=2699"},{"taxonomy":"post_tag","embeddable":true,"href":"http:\/\/jnr-cpl.com\/index.php?rest_route=%2Fwp%2Fv2%2Ftags&post=2699"}],"curies":[{"name":"wp","href":"https:\/\/api.w.org\/{rel}","templated":true}]}}