{"id":2697,"date":"2020-03-09T10:08:42","date_gmt":"2020-03-09T09:08:42","guid":{"rendered":"http:\/\/jnr-cpl.com\/?p=2697"},"modified":"2020-03-09T10:08:42","modified_gmt":"2020-03-09T09:08:42","slug":"quimper-le-journaliste-bruno-salaun-raconte-la-vie-du-resistant-maurice-laval","status":"publish","type":"post","link":"http:\/\/jnr-cpl.com\/?p=2697","title":{"rendered":"Quimper : le journaliste Bruno Sala\u00fcn raconte la vie du r\u00e9sistant Maurice Laval"},"content":{"rendered":"<p><img loading=\"lazy\" decoding=\"async\" class=\"alignnone size-full wp-image-2716\" src=\"http:\/\/jnr-cpl.com\/wp-content\/uploads\/2020\/03\/Capture-d\u2019e\u0301cran-2020-03-09-a\u0300-10.00.43.png\" alt=\"\" width=\"179\" height=\"69\" \/><\/p>\n<p><img loading=\"lazy\" decoding=\"async\" class=\"alignnone wp-image-2717 size-medium\" src=\"http:\/\/jnr-cpl.com\/wp-content\/uploads\/2020\/03\/Capture-d\u2019e\u0301cran-2020-03-09-a\u0300-10.00.50-268x300.png\" alt=\"\" width=\"268\" height=\"300\" srcset=\"http:\/\/jnr-cpl.com\/wp-content\/uploads\/2020\/03\/Capture-d\u2019e\u0301cran-2020-03-09-a\u0300-10.00.50-268x300.png 268w, http:\/\/jnr-cpl.com\/wp-content\/uploads\/2020\/03\/Capture-d\u2019e\u0301cran-2020-03-09-a\u0300-10.00.50-768x860.png 768w, http:\/\/jnr-cpl.com\/wp-content\/uploads\/2020\/03\/Capture-d\u2019e\u0301cran-2020-03-09-a\u0300-10.00.50-241x270.png 241w, http:\/\/jnr-cpl.com\/wp-content\/uploads\/2020\/03\/Capture-d\u2019e\u0301cran-2020-03-09-a\u0300-10.00.50.png 784w\" sizes=\"auto, (max-width: 268px) 100vw, 268px\" \/><\/p>\n<h2 class=\"post-chapo\">Maurice Laval, r\u00e9sistant, militant de la gauche fran\u00e7aise et journaliste, a pass\u00e9 ses 20 derni\u00e8res ann\u00e9es \u00e0 Quimper (Finist\u00e8re). Le journaliste Bruno Sala\u00fcn lui consacre un livre.<\/h2>\n<div class=\"post-metas\"><time datetime=\"2020-03-07T05:30:01+01:00\"> <i class=\"fa fa-clock-o mrxs\"><\/i>Publi\u00e9 le 7 Mar 20 \u00e0 6:30<\/time><\/div>\n<div><\/div>\n<div>\n<p>Le <strong>livre<em> Laval, un r\u00e9sistant<\/em><\/strong> de <strong>Bruno Sala\u00fcn<\/strong>, journaliste pour au <em>T\u00e9l\u00e9gramme<\/em>, est sorti vendredi 21 f\u00e9vrier 2020 en librairie. Il relate la vie de <strong>Maurice Laval,<\/strong> h\u00e9ros de la <strong>R\u00e9sistance<\/strong>, militant de la gauche fran\u00e7aise et figure de la presse parisienne. L\u2019auteur raconte :<\/p>\n<blockquote><p>Lorsque nous avons choisi le titre avec la maison d\u2019\u00e9dition, il nous a sembl\u00e9 que l\u2019exp\u00e9rience de la R\u00e9sistance et ses valeurs sont rest\u00e9es vivantes tout au long de sa vie et de ses engagements.<\/p><\/blockquote>\n<p>La premi\u00e8re rencontre avec Maurice Laval a lieu au d\u00e9tour d\u2019un article. Bruno Sala\u00fcn le rencontre dans le cadre d\u2019une enqu\u00eate sur <strong>la franc-ma\u00e7onnerie.<\/strong> \u00ab\u00a0A la fin de l\u2019entretien, il me dit qu\u2019il a \u00e9t\u00e9 cofondateur de <em>L\u2019Observateur<\/em> (anc\u00eatre du <em>Nouvel Observateur<\/em>, devenu <a href=\"https:\/\/www.nouvelobs.com\/\"><em>L\u2019Obs<\/em><\/a>). \u00bb<\/p>\n<div id=\"Inread_1\" class=\"inread\" data-dfp=\"\/258492779\/Actu.fr\/article_Inread_1\"><\/div>\n<p>La double casquette de h\u00e9ros de la R\u00e9sistance et de journaliste engag\u00e9 interpelle Bruno Sala\u00fcn, passionn\u00e9 d\u2019histoire.<\/p>\n<p>En f\u00e9vrier 2014, Maurice Laval est fait commandeur de la L\u00e9gion d\u2019honneur, \u00e0 <strong>Quimper<\/strong>. Il y vit depuis les ann\u00e9es 90, avec sa seconde \u00e9pouse Marie-France, originaire du <strong>Finist\u00e8re<\/strong>.<\/p>\n<p>Le journaliste propose \u00e0 cette occasion une rencontre pour \u00e9voquer un peu plus longuement sa vie dans un nouvel article.<\/p>\n<div id=\"Inread_2\" class=\"inread\" data-dfp=\"\/258492779\/Actu.fr\/article_Inread_2\"><\/div>\n<h3>Une dizaine d\u2019entretiens<\/h3>\n<p>Peu apr\u00e8s, la soci\u00e9t\u00e9 de la L\u00e9gion d\u2019honneur lui propose d\u2019\u00e9crire un livre sur la vie de Maurice Laval.<\/p>\n<blockquote><p>Le lien s\u2019est fait \u00e0 partir de l\u00e0. Je suis retourn\u00e9 le voir r\u00e9guli\u00e8rement. J\u2019ai enregistr\u00e9 une dizaine d\u2019entretiens, dont certains durent plusieurs heures.<\/p><\/blockquote>\n<p>Bruno Sala\u00fcn commence \u00e0 r\u00e9aliser la densit\u00e9 de la mati\u00e8re qu\u2019il est en train de r\u00e9colter. Il part avec en t\u00eate quelques th\u00e9matiques de sa vie : la Seconde Guerre mondiale, sa vie politique, son parcours comme franc-ma\u00e7on\u2026 \u00ab Nous fonctionnions par allers-retours. Ce n\u2019\u00e9tait pas chronologique. \u00bb<\/p>\n<p><a href=\"https:\/\/actu.fr\/bretagne\/quimper_29232\/quimper-journaliste-bruno-salaun-raconte-vie-resistant-maurice-laval_31873009.html\" target=\"_blank\" rel=\"noopener\"><strong>LIRE LA SUITE<\/strong><\/a><\/p>\n<\/div>\n","protected":false},"excerpt":{"rendered":"<p>Maurice Laval, r\u00e9sistant, militant de la gauche fran\u00e7aise et journaliste, a pass\u00e9 ses 20 derni\u00e8res ann\u00e9es \u00e0 Quimper (Finist\u00e8re). Le journaliste Bruno Sala\u00fcn lui consacre un livre. Publi\u00e9 le 7 Mar 20 \u00e0 6:30 Le livre Laval, un r\u00e9sistant de Bruno Sala\u00fcn, journaliste pour au T\u00e9l\u00e9gramme, est sorti vendredi 21 f\u00e9vrier 2020 en librairie. Il &hellip; <\/p>\n<p class=\"read-more\"><a class=\"btn btn-default\" href=\"http:\/\/jnr-cpl.com\/?p=2697\"> Read More<span class=\"screen-reader-text\">  Read More<\/span><\/a><\/p>\n","protected":false},"author":1,"featured_media":0,"comment_status":"closed","ping_status":"open","sticky":false,"template":"","format":"standard","meta":{"footnotes":""},"categories":[18],"tags":[],"class_list":["post-2697","post","type-post","status-publish","format-standard","hentry","category-actualite-de-la-resistance"],"_links":{"self":[{"href":"http:\/\/jnr-cpl.com\/index.php?rest_route=\/wp\/v2\/posts\/2697","targetHints":{"allow":["GET"]}}],"collection":[{"href":"http:\/\/jnr-cpl.com\/index.php?rest_route=\/wp\/v2\/posts"}],"about":[{"href":"http:\/\/jnr-cpl.com\/index.php?rest_route=\/wp\/v2\/types\/post"}],"author":[{"embeddable":true,"href":"http:\/\/jnr-cpl.com\/index.php?rest_route=\/wp\/v2\/users\/1"}],"replies":[{"embeddable":true,"href":"http:\/\/jnr-cpl.com\/index.php?rest_route=%2Fwp%2Fv2%2Fcomments&post=2697"}],"version-history":[{"count":1,"href":"http:\/\/jnr-cpl.com\/index.php?rest_route=\/wp\/v2\/posts\/2697\/revisions"}],"predecessor-version":[{"id":2726,"href":"http:\/\/jnr-cpl.com\/index.php?rest_route=\/wp\/v2\/posts\/2697\/revisions\/2726"}],"wp:attachment":[{"href":"http:\/\/jnr-cpl.com\/index.php?rest_route=%2Fwp%2Fv2%2Fmedia&parent=2697"}],"wp:term":[{"taxonomy":"category","embeddable":true,"href":"http:\/\/jnr-cpl.com\/index.php?rest_route=%2Fwp%2Fv2%2Fcategories&post=2697"},{"taxonomy":"post_tag","embeddable":true,"href":"http:\/\/jnr-cpl.com\/index.php?rest_route=%2Fwp%2Fv2%2Ftags&post=2697"}],"curies":[{"name":"wp","href":"https:\/\/api.w.org\/{rel}","templated":true}]}}