{"id":2361,"date":"2019-11-25T17:55:40","date_gmt":"2019-11-25T16:55:40","guid":{"rendered":"http:\/\/jnr-cpl.com\/?p=2361"},"modified":"2019-11-25T19:31:16","modified_gmt":"2019-11-25T18:31:16","slug":"78eme-anniversaire-de-lexecution-de-69-otages-le-15-decembre-1941-au-mont-valerien","status":"publish","type":"post","link":"http:\/\/jnr-cpl.com\/?p=2361","title":{"rendered":"78e anniversaire de l\u2019ex\u00e9cution de 69 otages le 15 d\u00e9cembre 1941 au Mont-Val\u00e9rien"},"content":{"rendered":"<p>\u00c0 l\u2019occasion du 78\u00e8me anniversaire de l\u2019ex\u00e9cution de 69 otages le 15 d\u00e9cembre 1941 au Mont-Val\u00e9rien, une journ\u00e9e d\u2019hommage aux fusill\u00e9s est organis\u00e9e ce SAMEDI <span class=\"text_exposed_show\"> 13 DECEMBRE 2019 ! <\/span><\/p>\n<div class=\"text_exposed_show\">\n<p>En repr\u00e9sailles \u00e0 la mort de quatre soldats, les autorit\u00e9s d\u2019occupation font fusiller 95 otages, dont 69 au Mont-Val\u00e9rien. Aux communistes jusque-l\u00e0 principalement vis\u00e9s, les Juifs sont ajout\u00e9s. Par cette ex\u00e9cution massive, c\u2019est la d\u00e9finition id\u00e9ologique des autorit\u00e9s allemandes des responsables des attentats, les \u00ab\u00a0\u00a0\u00bbjud\u00e9o-bolcheviques\u00a0\u00bb\u00a0\u00bb, qui est compl\u00e9t\u00e9e.<br \/>\nParmi ces hommes, se trouvait Gabriel P\u00e9ri. N\u00e9 \u00e0 Toulon, Gabriel P\u00e9ri \u00e9tait un homme engag\u00e9. \u00c0 la fois journaliste, secr\u00e9taire national des Jeunesses communistes en 1922, membre du Comit\u00e9 central du Parti communiste de 1924 \u00e0 1929, suppl\u00e9ant de 1932 \u00e0 1937, chef des services de politique \u00e9trang\u00e8re du journal L\u2019Humanit\u00e9 et d\u00e9put\u00e9 de Seine-et-Oise jusqu\u2019en 1940, il a surtout marqu\u00e9 par sa passion patriotique et antifasciste. Le 18 mai 1941, Gabriel P\u00e9ri est arr\u00eat\u00e9 sur d\u00e9nonciation, puis fusill\u00e9 au Mont-Val\u00e9rien le 15 d\u00e9cembre 1941, par les Allemands.<br \/>\n\u00ab Peut-\u00eatre quelques-uns de mes papiers serviront-ils \u00e0 ma m\u00e9moire. Que mes amis sachent que je suis rest\u00e9 fid\u00e8le \u00e0 l\u2019id\u00e9al de toute ma vie ; que mes compatriotes sachent que je vais mourir pour que vive la France. \u00bb Extrait de la lettre laiss\u00e9e \u00e0 son avocate et amie, Odette Moreau.<\/p>\n<\/div>\n","protected":false},"excerpt":{"rendered":"<p>\u00c0 l\u2019occasion du 78\u00e8me anniversaire de l\u2019ex\u00e9cution de 69 otages le 15 d\u00e9cembre 1941 au Mont-Val\u00e9rien, une journ\u00e9e d\u2019hommage aux fusill\u00e9s est organis\u00e9e ce SAMEDI 13 DECEMBRE 2019 ! En repr\u00e9sailles \u00e0 la mort de quatre soldats, les autorit\u00e9s d\u2019occupation font fusiller 95 otages, dont 69 au Mont-Val\u00e9rien. Aux communistes jusque-l\u00e0 principalement vis\u00e9s, les Juifs &hellip; <\/p>\n<p class=\"read-more\"><a class=\"btn btn-default\" href=\"http:\/\/jnr-cpl.com\/?p=2361\"> Read More<span class=\"screen-reader-text\">  Read More<\/span><\/a><\/p>\n","protected":false},"author":1,"featured_media":0,"comment_status":"closed","ping_status":"open","sticky":false,"template":"","format":"standard","meta":{"footnotes":""},"categories":[18],"tags":[],"class_list":["post-2361","post","type-post","status-publish","format-standard","hentry","category-actualite-de-la-resistance"],"_links":{"self":[{"href":"http:\/\/jnr-cpl.com\/index.php?rest_route=\/wp\/v2\/posts\/2361","targetHints":{"allow":["GET"]}}],"collection":[{"href":"http:\/\/jnr-cpl.com\/index.php?rest_route=\/wp\/v2\/posts"}],"about":[{"href":"http:\/\/jnr-cpl.com\/index.php?rest_route=\/wp\/v2\/types\/post"}],"author":[{"embeddable":true,"href":"http:\/\/jnr-cpl.com\/index.php?rest_route=\/wp\/v2\/users\/1"}],"replies":[{"embeddable":true,"href":"http:\/\/jnr-cpl.com\/index.php?rest_route=%2Fwp%2Fv2%2Fcomments&post=2361"}],"version-history":[{"count":3,"href":"http:\/\/jnr-cpl.com\/index.php?rest_route=\/wp\/v2\/posts\/2361\/revisions"}],"predecessor-version":[{"id":2386,"href":"http:\/\/jnr-cpl.com\/index.php?rest_route=\/wp\/v2\/posts\/2361\/revisions\/2386"}],"wp:attachment":[{"href":"http:\/\/jnr-cpl.com\/index.php?rest_route=%2Fwp%2Fv2%2Fmedia&parent=2361"}],"wp:term":[{"taxonomy":"category","embeddable":true,"href":"http:\/\/jnr-cpl.com\/index.php?rest_route=%2Fwp%2Fv2%2Fcategories&post=2361"},{"taxonomy":"post_tag","embeddable":true,"href":"http:\/\/jnr-cpl.com\/index.php?rest_route=%2Fwp%2Fv2%2Ftags&post=2361"}],"curies":[{"name":"wp","href":"https:\/\/api.w.org\/{rel}","templated":true}]}}