{"id":2355,"date":"2019-11-25T18:00:34","date_gmt":"2019-11-25T17:00:34","guid":{"rendered":"http:\/\/jnr-cpl.com\/?p=2355"},"modified":"2019-11-25T18:00:34","modified_gmt":"2019-11-25T17:00:34","slug":"mezin-jean-moulin-une-vie-dengagements-une-expo-a-voir","status":"publish","type":"post","link":"http:\/\/jnr-cpl.com\/?p=2355","title":{"rendered":"M\u00e9zin. \u00abJean-Moulin une vie d&rsquo;engagements\u00bb : une expo \u00e0 voir"},"content":{"rendered":"<p><img loading=\"lazy\" decoding=\"async\" class=\"alignnone size-full wp-image-2368\" src=\"http:\/\/jnr-cpl.com\/wp-content\/uploads\/2019\/11\/Capture-d\u2019e\u0301cran-2019-11-25-a\u0300-17.47.12.png\" alt=\"\" width=\"332\" height=\"102\" srcset=\"http:\/\/jnr-cpl.com\/wp-content\/uploads\/2019\/11\/Capture-d\u2019e\u0301cran-2019-11-25-a\u0300-17.47.12.png 332w, http:\/\/jnr-cpl.com\/wp-content\/uploads\/2019\/11\/Capture-d\u2019e\u0301cran-2019-11-25-a\u0300-17.47.12-300x92.png 300w\" sizes=\"auto, (max-width: 332px) 100vw, 332px\" \/> <img loading=\"lazy\" decoding=\"async\" class=\"alignnone size-full wp-image-2367\" src=\"http:\/\/jnr-cpl.com\/wp-content\/uploads\/2019\/11\/Capture-d\u2019e\u0301cran-2019-11-25-a\u0300-17.47.18.png\" alt=\"\" width=\"648\" height=\"362\" srcset=\"http:\/\/jnr-cpl.com\/wp-content\/uploads\/2019\/11\/Capture-d\u2019e\u0301cran-2019-11-25-a\u0300-17.47.18.png 648w, http:\/\/jnr-cpl.com\/wp-content\/uploads\/2019\/11\/Capture-d\u2019e\u0301cran-2019-11-25-a\u0300-17.47.18-300x168.png 300w, http:\/\/jnr-cpl.com\/wp-content\/uploads\/2019\/11\/Capture-d\u2019e\u0301cran-2019-11-25-a\u0300-17.47.18-483x270.png 483w\" sizes=\"auto, (max-width: 648px) 100vw, 648px\" \/><\/p>\n<div class=\"article-full__infos\">\n<div class=\"article-full__infos-dates\">Publi\u00e9 le <time>18\/11\/2019 \u00e0 08:37<\/time> , mis \u00e0 jour <time> \u00e0 08:42 <\/time><\/div>\n<div class=\"article-full__share\"><\/div>\n<div class=\"article-full__infos-topics hide-on-med-and-down\"><span class=\"article-tags \"> <a href=\"https:\/\/www.ladepeche.fr\/culture-et-loisirs\/expositions\/\">Expositions<\/a>, <a href=\"https:\/\/www.ladepeche.fr\/communes\/mezin,47167\/\">M\u00e9zin<\/a>, <a href=\"https:\/\/www.ladepeche.fr\/culture-et-loisirs\/\">Culture et loisirs<\/a> <\/span><\/div>\n<\/div>\n<div class=\"article-full__body\">\n<div class=\"article-full__body-content article-paywall p402_premium\">\n<p>A l&rsquo;initiative du comit\u00e9 local de l&rsquo;ANACR 47, la biblioth\u00e8que Jean-Laraignou expose jusqu&rsquo;au 30 novembre \u00abJean-Moulin, une vie d&rsquo;engagements\u00bb. Un nombreux public a r\u00e9pondu \u00e0 cette invitation. Dans l&rsquo;assistance on pouvait reconnaitre Nicolas Lacombe maire de N\u00e9rac et vice pr\u00e9sident du conseil d\u00e9partemental, l&rsquo;ANACR 47 \u00e9tait repr\u00e9sent\u00e9e par Brigitte Mor\u00e9no, Isabelle Dauzac, Jean-Michel M\u00e9zergue, Jacques Rapetti, Raymonde Ach\u00e9, No\u00e9 Bimier. D&rsquo;anciens r\u00e9sistants \u00e9taient aussi invit\u00e9s : Jacques Chantre, Alain-Paul Guitat, Ars\u00e8ne Boet et Simone Cessac. Le maire de Sainte-Maure-de -Peyriac, Robert Linossier \u00e9tait aussi pr\u00e9sent. Le maire de M\u00e9zin d\u00e9butait cette inauguration par une courte biographie du plus jeune pr\u00e9fet de France (\u00e0 23 ans) de Jean-Moulin. Isabelle Dauzac dans son allocution retra\u00e7ait le travail de m\u00e9moire, de transmission et d&rsquo;\u00e9ducation effectu\u00e9s par cet organisme. Elle rappelait que les panneaux illustrant cette exposition sont pr\u00eat\u00e9s par l&rsquo;ANACR du Lot-et-Garonne. Elle rappelait aussi l&rsquo;\u00e9v\u00e9nement th\u00e9\u00e2tral faisant suite \u00e0 l&rsquo;exposition Jean-Moulin, qui se d\u00e9roulera le samedi 30 novembre \u00e0 16 h au petit th\u00e9\u00e2tre C\u00f4t\u00e9 Cour (voir ci-dessous). Jacques Rapetti rappelait ce qu&rsquo;\u00e9tait L&rsquo;Association Nationale des Anciens Combattants et R\u00e9sistants, dont le but est de transmettre la m\u00e9moire et les valeurs de la R\u00e9sistance Fran\u00e7aise. Brigitte Mor\u00e9no pr\u00e9sidente de l&rsquo;ANACR 47 rappelait le devoir de transmission mat\u00e9rialis\u00e9 par le concours national de la r\u00e9sistance 2020, s&rsquo;adressant aux coll\u00e9giens et \u00e9tudiants. Le 27 mai est depuis 2013 journ\u00e9e nationale de la R\u00e9sistance. Elle retra\u00e7ait la vie et l&rsquo;\u00e9norme travail de Jean-Moulin jeune pr\u00e9fet, qui en 18 mois organisait et f\u00e9d\u00e9rait la r\u00e9sistance Fran\u00e7aise, puis son arrestation suite \u00e0 une d\u00e9nonciation. En terminant son discours et s&rsquo;adressant \u00e0 monsieur le maire, elle souhaitait qu&rsquo;au nom de l&rsquo;ANACR 47 un espace public M\u00e9zinais porte le nom de Jean-Moulin. Puis Lisiane Chantre petite fille de r\u00e9sistant lisait une des derni\u00e8res lettres de Jean-Moulin dans laquelle il relatait les circonstances de son arrestation et les souffrances qui s&rsquo;en suivirent, en cons\u00e9quence du refus de signature d&rsquo;un faux document impliquant les tirailleurs S\u00e9n\u00e9galais. Un vin d&rsquo;honneur offert par la municipalit\u00e9 permettait \u00e0 chacun de visiter l&rsquo;exposition et d&rsquo;en \u00e9changer les impressions re\u00e7ues.<\/p>\n<p><a href=\"https:\/\/www.ladepeche.fr\/2019\/11\/18\/jean-moulin-une-vie-dengagements-une-expo-a-voir,8547945.php\" target=\"_blank\" rel=\"noopener\"><strong>LIRE LA SUITE<\/strong><\/a><\/p>\n<\/div>\n<\/div>\n","protected":false},"excerpt":{"rendered":"<p>Publi\u00e9 le 18\/11\/2019 \u00e0 08:37 , mis \u00e0 jour \u00e0 08:42 Expositions, M\u00e9zin, Culture et loisirs A l&rsquo;initiative du comit\u00e9 local de l&rsquo;ANACR 47, la biblioth\u00e8que Jean-Laraignou expose jusqu&rsquo;au 30 novembre \u00abJean-Moulin, une vie d&rsquo;engagements\u00bb. Un nombreux public a r\u00e9pondu \u00e0 cette invitation. Dans l&rsquo;assistance on pouvait reconnaitre Nicolas Lacombe maire de N\u00e9rac et vice &hellip; <\/p>\n<p class=\"read-more\"><a class=\"btn btn-default\" href=\"http:\/\/jnr-cpl.com\/?p=2355\"> Read More<span class=\"screen-reader-text\">  Read More<\/span><\/a><\/p>\n","protected":false},"author":1,"featured_media":0,"comment_status":"closed","ping_status":"open","sticky":false,"template":"","format":"standard","meta":{"footnotes":""},"categories":[19,18],"tags":[],"class_list":["post-2355","post","type-post","status-publish","format-standard","hentry","category-actualite-de-la-deportation","category-actualite-de-la-resistance"],"_links":{"self":[{"href":"http:\/\/jnr-cpl.com\/index.php?rest_route=\/wp\/v2\/posts\/2355","targetHints":{"allow":["GET"]}}],"collection":[{"href":"http:\/\/jnr-cpl.com\/index.php?rest_route=\/wp\/v2\/posts"}],"about":[{"href":"http:\/\/jnr-cpl.com\/index.php?rest_route=\/wp\/v2\/types\/post"}],"author":[{"embeddable":true,"href":"http:\/\/jnr-cpl.com\/index.php?rest_route=\/wp\/v2\/users\/1"}],"replies":[{"embeddable":true,"href":"http:\/\/jnr-cpl.com\/index.php?rest_route=%2Fwp%2Fv2%2Fcomments&post=2355"}],"version-history":[{"count":1,"href":"http:\/\/jnr-cpl.com\/index.php?rest_route=\/wp\/v2\/posts\/2355\/revisions"}],"predecessor-version":[{"id":2380,"href":"http:\/\/jnr-cpl.com\/index.php?rest_route=\/wp\/v2\/posts\/2355\/revisions\/2380"}],"wp:attachment":[{"href":"http:\/\/jnr-cpl.com\/index.php?rest_route=%2Fwp%2Fv2%2Fmedia&parent=2355"}],"wp:term":[{"taxonomy":"category","embeddable":true,"href":"http:\/\/jnr-cpl.com\/index.php?rest_route=%2Fwp%2Fv2%2Fcategories&post=2355"},{"taxonomy":"post_tag","embeddable":true,"href":"http:\/\/jnr-cpl.com\/index.php?rest_route=%2Fwp%2Fv2%2Ftags&post=2355"}],"curies":[{"name":"wp","href":"https:\/\/api.w.org\/{rel}","templated":true}]}}