{"id":2348,"date":"2019-11-18T10:35:21","date_gmt":"2019-11-18T09:35:21","guid":{"rendered":"http:\/\/jnr-cpl.com\/?p=2348"},"modified":"2019-11-18T10:35:21","modified_gmt":"2019-11-18T09:35:21","slug":"representation-theatrale-de-en-ce-temps-la-lamour-de-gilles-segal","status":"publish","type":"post","link":"http:\/\/jnr-cpl.com\/?p=2348","title":{"rendered":"Repr\u00e9sentation th\u00e9\u00e2trale de \u00ab En ce temps-l\u00e0, l\u2019amour \u00bb de Gilles S\u00e9gal"},"content":{"rendered":"<p><iframe loading=\"lazy\" src=\"https:\/\/player.vimeo.com\/video\/360761464\" width=\"640\" height=\"360\" frameborder=\"0\" allowfullscreen=\"allowfullscreen\" data-mce-fragment=\"1\"><span data-mce-type=\"bookmark\" class=\"mce_SELRES_start\"><\/span><\/iframe><\/p>\n<p><a href=\"https:\/\/vimeo.com\/360761464\">En ce temps l\u00e0, l&rsquo;amour&#8230; de Gilles Segal avec David Brecourt<\/a> from <a href=\"https:\/\/vimeo.com\/user20500046\">PM Productions<\/a> on <a href=\"https:\/\/vimeo.com\">Vimeo<\/a>.<\/p>\n<p>L\u2019Association de D\u00e9fense des\u00a0 Valeurs de la R\u00e9sistance et le Comit\u00e9 \u00ab\u00a0Ecole de la rue Tlemcen\u00a0\u00bb vous proposent d\u2019assister \u00e0 une repr\u00e9sentation th\u00e9\u00e2trale de\u00a0<b>\u00ab\u00a0En ce temps-l\u00e0, l\u2019amour\u00a0\u00bb de Gilles S\u00e9gal<\/b>.<\/p>\n<p>La repr\u00e9sentation, offerte \u00e0 ses membres par les deux associations, aura lieu\u00a0:<\/p>\n<p><b><i>Mardi 26 novembre \u00e0 14h30<\/i><\/b><\/p>\n<p><b><i>A la maison des seniors Bluma Fiszer, 1ter rue Charles Baudelaire\u00a0 Paris 12<\/i><\/b><b><i><sup>\u00e8me <\/sup><\/i><\/b><b><i>(m\u00e9tro Ledru-Rollin<\/i><\/b>)<\/p>\n<p>Le nombre de places \u00e9tant limit\u00e9, il est n\u00e9cessaire de s\u2019inscrire, au plus tard le 22 novembre\u00a0:<\/p>\n<p>Pour l\u2019ADVR\u00a0: Yves Blondeau 06 50 42 86 05\u00a0 ou\u00a0 <a href=\"mailto:blondeauyves2000@yahoo.fr\" target=\"_blank\" rel=\"nofollow noopener noreferrer\">blondeauyves2000@yahoo.fr<\/a><\/p>\n<p>Pour le Comit\u00e9 Tlemcen\u00a0: Claude Smadja 06 12 53 24 08\u00a0 ou\u00a0 <a href=\"mailto:claudesmadja@club-internet.fr\" target=\"_blank\" rel=\"nofollow noopener noreferrer\">claudesmadja@club-internet.fr<\/a><\/p>\n<p>Invitation en PJ.<\/p>\n<p>Bien Cordialement.<\/p>\n<p>Yves Blondeau, secr\u00e9taire g\u00e9n\u00e9ral de l\u2019ADVR<\/p>\n<p><a href=\"http:\/\/advr.fr\/wp-content\/uploads\/2019\/11\/Capture-d\u2019e\u0301cran-2019-11-18-a\u0300-09.24.14.png\"><img loading=\"lazy\" decoding=\"async\" class=\"alignleft size-full wp-image-2072\" src=\"http:\/\/advr.fr\/wp-content\/uploads\/2019\/11\/Capture-d\u2019e\u0301cran-2019-11-18-a\u0300-09.24.14.png\" alt=\"\" width=\"653\" height=\"900\" \/><\/a><\/p>\n","protected":false},"excerpt":{"rendered":"<p>En ce temps l\u00e0, l&rsquo;amour&#8230; de Gilles Segal avec David Brecourt from PM Productions on Vimeo. L\u2019Association de D\u00e9fense des\u00a0 Valeurs de la R\u00e9sistance et le Comit\u00e9 \u00ab\u00a0Ecole de la rue Tlemcen\u00a0\u00bb vous proposent d\u2019assister \u00e0 une repr\u00e9sentation th\u00e9\u00e2trale de\u00a0\u00ab\u00a0En ce temps-l\u00e0, l\u2019amour\u00a0\u00bb de Gilles S\u00e9gal. La repr\u00e9sentation, offerte \u00e0 ses membres par les deux &hellip; <\/p>\n<p class=\"read-more\"><a class=\"btn btn-default\" href=\"http:\/\/jnr-cpl.com\/?p=2348\"> Read More<span class=\"screen-reader-text\">  Read More<\/span><\/a><\/p>\n","protected":false},"author":1,"featured_media":0,"comment_status":"closed","ping_status":"open","sticky":false,"template":"","format":"standard","meta":{"footnotes":""},"categories":[19,18],"tags":[],"class_list":["post-2348","post","type-post","status-publish","format-standard","hentry","category-actualite-de-la-deportation","category-actualite-de-la-resistance"],"_links":{"self":[{"href":"http:\/\/jnr-cpl.com\/index.php?rest_route=\/wp\/v2\/posts\/2348","targetHints":{"allow":["GET"]}}],"collection":[{"href":"http:\/\/jnr-cpl.com\/index.php?rest_route=\/wp\/v2\/posts"}],"about":[{"href":"http:\/\/jnr-cpl.com\/index.php?rest_route=\/wp\/v2\/types\/post"}],"author":[{"embeddable":true,"href":"http:\/\/jnr-cpl.com\/index.php?rest_route=\/wp\/v2\/users\/1"}],"replies":[{"embeddable":true,"href":"http:\/\/jnr-cpl.com\/index.php?rest_route=%2Fwp%2Fv2%2Fcomments&post=2348"}],"version-history":[{"count":1,"href":"http:\/\/jnr-cpl.com\/index.php?rest_route=\/wp\/v2\/posts\/2348\/revisions"}],"predecessor-version":[{"id":2349,"href":"http:\/\/jnr-cpl.com\/index.php?rest_route=\/wp\/v2\/posts\/2348\/revisions\/2349"}],"wp:attachment":[{"href":"http:\/\/jnr-cpl.com\/index.php?rest_route=%2Fwp%2Fv2%2Fmedia&parent=2348"}],"wp:term":[{"taxonomy":"category","embeddable":true,"href":"http:\/\/jnr-cpl.com\/index.php?rest_route=%2Fwp%2Fv2%2Fcategories&post=2348"},{"taxonomy":"post_tag","embeddable":true,"href":"http:\/\/jnr-cpl.com\/index.php?rest_route=%2Fwp%2Fv2%2Ftags&post=2348"}],"curies":[{"name":"wp","href":"https:\/\/api.w.org\/{rel}","templated":true}]}}