{"id":2347,"date":"2019-11-18T10:37:16","date_gmt":"2019-11-18T09:37:16","guid":{"rendered":"http:\/\/jnr-cpl.com\/?p=2347"},"modified":"2019-11-18T10:37:16","modified_gmt":"2019-11-18T09:37:16","slug":"16e-edition-du-livre-resistant","status":"publish","type":"post","link":"http:\/\/jnr-cpl.com\/?p=2347","title":{"rendered":"16e \u00e9dition du \u00ab livre r\u00e9sistant \u00bb"},"content":{"rendered":"<p><strong><img loading=\"lazy\" decoding=\"async\" class=\"alignnone size-full wp-image-2350\" src=\"http:\/\/jnr-cpl.com\/wp-content\/uploads\/2019\/11\/Capture-d\u2019e\u0301cran-2019-11-18-a\u0300-10.36.44.png\" alt=\"\" width=\"940\" height=\"360\" srcset=\"http:\/\/jnr-cpl.com\/wp-content\/uploads\/2019\/11\/Capture-d\u2019e\u0301cran-2019-11-18-a\u0300-10.36.44.png 940w, http:\/\/jnr-cpl.com\/wp-content\/uploads\/2019\/11\/Capture-d\u2019e\u0301cran-2019-11-18-a\u0300-10.36.44-300x115.png 300w, http:\/\/jnr-cpl.com\/wp-content\/uploads\/2019\/11\/Capture-d\u2019e\u0301cran-2019-11-18-a\u0300-10.36.44-768x294.png 768w, http:\/\/jnr-cpl.com\/wp-content\/uploads\/2019\/11\/Capture-d\u2019e\u0301cran-2019-11-18-a\u0300-10.36.44-604x231.png 604w\" sizes=\"auto, (max-width: 940px) 100vw, 940px\" \/>Samedi 30 novembre de 14 h 00 \u00e0 18 heures<\/strong><\/p>\n<p><strong>\u00a0<\/strong><\/p>\n<p><strong><em>16<\/em><\/strong><strong><em><sup>e<\/sup><\/em><\/strong><strong><em>\u00a0\u00e9dition du \u00ab\u00a0livre r\u00e9sistant\u00a0\u00bb\u00a0<\/em><\/strong><strong><em>\u00e9crivains et historiens d\u00e9dicaceront leurs <\/em><\/strong><strong><em>derniers ouvrages\u00a0sur la R\u00e9sistance<\/em><\/strong><\/p>\n<p><strong>\u00a0<\/strong><\/p>\n<p><strong>Salons des Fondations de la R\u00e9sistance et pour la m\u00e9moire de la D\u00e9portation<\/strong><\/p>\n<p><strong>30 boulevard des Invalides 75007 Paris<\/strong><\/p>\n<p>M\u00e9tro : ligne 13 \u2013 station Saint-Fran\u00e7ois Xavier<\/p>\n<p>&nbsp;<\/p>\n<p><strong><em>M\u00c9MOIRE ET ESPOIRS DE LA RESISTANCE<\/em><\/strong><\/p>\n<p><strong><em>L\u2019Association des Amis de la Fondation de la R\u00e9sistance \u2013 D\u00e9clar\u00e9e loi de 1901<\/em><\/strong><\/p>\n<p>Pavillon de la M\u00e9moire &#8211; Place Marie-Madeleine Fourcade<\/p>\n<p>16-18 place Dupleix \u2013 75015 Paris<\/p>\n<p>T\u00e9l\u00e9phone : 01 45 66 92 32<\/p>\n<p>E-mail :\u00a0<a href=\"https:\/\/webmail1m.orange.fr\/webmail\/fr_FR\/read.html?FOLDER=SF_TRASH&amp;IDMSG=107251&amp;check=&amp;SORTBY=1\" data-saferedirecturl=\"https:\/\/www.google.com\/url?q=https:\/\/webmail1m.orange.fr\/webmail\/fr_FR\/read.html?FOLDER%3DSF_TRASH%26IDMSG%3D107251%26check%3D%26SORTBY%3D1&amp;source=gmail&amp;ust=1574154658004000&amp;usg=AFQjCNHbemOAbDwNxqNvwJn4aRY2aflWtA\">memoresistance@gmail.com<\/a><\/p>\n<p>Site Internet :\u00a0<a href=\"http:\/\/www.memoresist.org\/\" data-saferedirecturl=\"https:\/\/www.google.com\/url?q=http:\/\/www.memoresist.org\/&amp;source=gmail&amp;ust=1574154658004000&amp;usg=AFQjCNHL2UuwLqHdbbq4E-mgcZuJWcM39w\">www.memoresist.org<\/a><\/p>\n<p><strong>\u00a0<\/strong><\/p>\n","protected":false},"excerpt":{"rendered":"<p>Samedi 30 novembre de 14 h 00 \u00e0 18 heures \u00a0 16e\u00a0\u00e9dition du \u00ab\u00a0livre r\u00e9sistant\u00a0\u00bb\u00a0\u00e9crivains et historiens d\u00e9dicaceront leurs derniers ouvrages\u00a0sur la R\u00e9sistance \u00a0 Salons des Fondations de la R\u00e9sistance et pour la m\u00e9moire de la D\u00e9portation 30 boulevard des Invalides 75007 Paris M\u00e9tro : ligne 13 \u2013 station Saint-Fran\u00e7ois Xavier &nbsp; M\u00c9MOIRE ET ESPOIRS &hellip; <\/p>\n<p class=\"read-more\"><a class=\"btn btn-default\" href=\"http:\/\/jnr-cpl.com\/?p=2347\"> Read More<span class=\"screen-reader-text\">  Read More<\/span><\/a><\/p>\n","protected":false},"author":1,"featured_media":0,"comment_status":"closed","ping_status":"open","sticky":false,"template":"","format":"standard","meta":{"footnotes":""},"categories":[18],"tags":[],"class_list":["post-2347","post","type-post","status-publish","format-standard","hentry","category-actualite-de-la-resistance"],"_links":{"self":[{"href":"http:\/\/jnr-cpl.com\/index.php?rest_route=\/wp\/v2\/posts\/2347","targetHints":{"allow":["GET"]}}],"collection":[{"href":"http:\/\/jnr-cpl.com\/index.php?rest_route=\/wp\/v2\/posts"}],"about":[{"href":"http:\/\/jnr-cpl.com\/index.php?rest_route=\/wp\/v2\/types\/post"}],"author":[{"embeddable":true,"href":"http:\/\/jnr-cpl.com\/index.php?rest_route=\/wp\/v2\/users\/1"}],"replies":[{"embeddable":true,"href":"http:\/\/jnr-cpl.com\/index.php?rest_route=%2Fwp%2Fv2%2Fcomments&post=2347"}],"version-history":[{"count":1,"href":"http:\/\/jnr-cpl.com\/index.php?rest_route=\/wp\/v2\/posts\/2347\/revisions"}],"predecessor-version":[{"id":2351,"href":"http:\/\/jnr-cpl.com\/index.php?rest_route=\/wp\/v2\/posts\/2347\/revisions\/2351"}],"wp:attachment":[{"href":"http:\/\/jnr-cpl.com\/index.php?rest_route=%2Fwp%2Fv2%2Fmedia&parent=2347"}],"wp:term":[{"taxonomy":"category","embeddable":true,"href":"http:\/\/jnr-cpl.com\/index.php?rest_route=%2Fwp%2Fv2%2Fcategories&post=2347"},{"taxonomy":"post_tag","embeddable":true,"href":"http:\/\/jnr-cpl.com\/index.php?rest_route=%2Fwp%2Fv2%2Ftags&post=2347"}],"curies":[{"name":"wp","href":"https:\/\/api.w.org\/{rel}","templated":true}]}}