{"id":2327,"date":"2019-11-18T10:10:01","date_gmt":"2019-11-18T09:10:01","guid":{"rendered":"http:\/\/jnr-cpl.com\/?p=2327"},"modified":"2019-11-18T10:10:01","modified_gmt":"2019-11-18T09:10:01","slug":"lhistoire-de-la-rose-blanche-mouvement-de-resistance-allemand-au-nazisme","status":"publish","type":"post","link":"http:\/\/jnr-cpl.com\/?p=2327","title":{"rendered":"L&rsquo;histoire de la Rose blanche, mouvement de r\u00e9sistance allemand au nazisme"},"content":{"rendered":"<p><img loading=\"lazy\" decoding=\"async\" class=\"alignnone size-full wp-image-2337\" src=\"http:\/\/jnr-cpl.com\/wp-content\/uploads\/2019\/11\/Capture-d\u2019e\u0301cran-2019-11-18-a\u0300-10.06.03.png\" alt=\"\" width=\"138\" height=\"75\" \/><\/p>\n<p><img loading=\"lazy\" decoding=\"async\" class=\"alignnone size-large wp-image-2338\" src=\"http:\/\/jnr-cpl.com\/wp-content\/uploads\/2019\/11\/Capture-d\u2019e\u0301cran-2019-11-18-a\u0300-10.05.57.png\" alt=\"\" width=\"640\" height=\"384\" srcset=\"http:\/\/jnr-cpl.com\/wp-content\/uploads\/2019\/11\/Capture-d\u2019e\u0301cran-2019-11-18-a\u0300-10.05.57.png 904w, http:\/\/jnr-cpl.com\/wp-content\/uploads\/2019\/11\/Capture-d\u2019e\u0301cran-2019-11-18-a\u0300-10.05.57-300x180.png 300w, http:\/\/jnr-cpl.com\/wp-content\/uploads\/2019\/11\/Capture-d\u2019e\u0301cran-2019-11-18-a\u0300-10.05.57-768x460.png 768w, http:\/\/jnr-cpl.com\/wp-content\/uploads\/2019\/11\/Capture-d\u2019e\u0301cran-2019-11-18-a\u0300-10.05.57-450x270.png 450w\" sizes=\"auto, (max-width: 640px) 100vw, 640px\" \/><\/p>\n<p>Sous le nom la Rose blanche, deux \u00e9tudiants munichois se constitu\u00e8rent \u00e0 partir du printemps 1942, en groupe de r\u00e9sistance contre le r\u00e9gime nazi. Ils s\u2019appelaient Hans Scholl et Alexander Schmorell.<\/p>\n<p>Ils rassembl\u00e8rent autour d\u2019eux un petit nombre de parents et d\u2019amis. L\u2019activit\u00e9 du groupe consista pour l\u2019essentiel dans la diffusion de tracts, d\u2019une haute tenue litt\u00e9raire et philosophique, soutenant que tout Allemand qui ne s\u2019opposerait pas ouvertement au r\u00e9gime nazi serait tenu pour coupable des crimes du r\u00e9gime. Cette campagne de tracts dura jusqu\u2019en F\u00e9vrier 1943, date de l\u2019arrestation de Hans Scholl et de sa s\u0153ur Sophie. Par sa forme organisationnelle et par son mode d\u2019action, par la nature des th\u00e8mes qu\u2019elle mit en avant, par sa composition sociale, la Rose blanche r\u00e9v\u00e8le que subsistait, dans la soci\u00e9t\u00e9 allemande, un fond id\u00e9ologique ant\u00e9rieur au nazisme et radicalement incompatible avec le tout-puissant r\u00e9gime. Au c\u0153ur de cet h\u00e9ritage, on trouve la spiritualit\u00e9 chr\u00e9tienne, sans r\u00e9f\u00e9rence aucune \u00e0 quelque id\u00e9al d\u00e9mocratique ou r\u00e9volutionnaire que ce soit. Aussi est-on tent\u00e9 de mettre \u00e0 l\u2019\u00e9cart ce qu\u2019on peut appeler la doctrine de la Rose blanche. On se borne \u00e0 admirer le courage de ses membres. Or, cela ne suffit pas. Leur doctrine importe\u00a0; elle annonce la forme qu\u2019a prise, apr\u00e8s 1945, la pens\u00e9e politique allemande. On ne comprend pas l\u2019Allemagne de l\u2019Ouest naissante si l\u2019on ne prend pas en compte une donn\u00e9e\u00a0: dans ce qu\u2019elle avait de respectable, elle a \u00e9t\u00e9 construite par des hommes et des femmes qui avaient exactement l\u2019\u00e2ge et la formation intellectuelle des membres de la Rose blanche.<\/p>\n<p><a href=\"https:\/\/www.franceculture.fr\/conferences\/musee-du-quai-branly-jacques-chirac\/la-rose-blanche-mouvement-de-resistance-allemand-au-nazisme?fbclid=IwAR346TRcAPxo_MLum0LPTWLyk_2MinhaaGPkqgIHeCCTDXyjnHgtLrBcGAw\" target=\"_blank\" rel=\"noopener\">LIRE LA SUITE<\/a><\/p>\n<div class=\"embed youtube\"><\/div>\n","protected":false},"excerpt":{"rendered":"<p>Sous le nom la Rose blanche, deux \u00e9tudiants munichois se constitu\u00e8rent \u00e0 partir du printemps 1942, en groupe de r\u00e9sistance contre le r\u00e9gime nazi. Ils s\u2019appelaient Hans Scholl et Alexander Schmorell. Ils rassembl\u00e8rent autour d\u2019eux un petit nombre de parents et d\u2019amis. L\u2019activit\u00e9 du groupe consista pour l\u2019essentiel dans la diffusion de tracts, d\u2019une haute &hellip; <\/p>\n<p class=\"read-more\"><a class=\"btn btn-default\" href=\"http:\/\/jnr-cpl.com\/?p=2327\"> Read More<span class=\"screen-reader-text\">  Read More<\/span><\/a><\/p>\n","protected":false},"author":1,"featured_media":0,"comment_status":"closed","ping_status":"open","sticky":false,"template":"","format":"standard","meta":{"footnotes":""},"categories":[19,18],"tags":[],"class_list":["post-2327","post","type-post","status-publish","format-standard","hentry","category-actualite-de-la-deportation","category-actualite-de-la-resistance"],"_links":{"self":[{"href":"http:\/\/jnr-cpl.com\/index.php?rest_route=\/wp\/v2\/posts\/2327","targetHints":{"allow":["GET"]}}],"collection":[{"href":"http:\/\/jnr-cpl.com\/index.php?rest_route=\/wp\/v2\/posts"}],"about":[{"href":"http:\/\/jnr-cpl.com\/index.php?rest_route=\/wp\/v2\/types\/post"}],"author":[{"embeddable":true,"href":"http:\/\/jnr-cpl.com\/index.php?rest_route=\/wp\/v2\/users\/1"}],"replies":[{"embeddable":true,"href":"http:\/\/jnr-cpl.com\/index.php?rest_route=%2Fwp%2Fv2%2Fcomments&post=2327"}],"version-history":[{"count":1,"href":"http:\/\/jnr-cpl.com\/index.php?rest_route=\/wp\/v2\/posts\/2327\/revisions"}],"predecessor-version":[{"id":2339,"href":"http:\/\/jnr-cpl.com\/index.php?rest_route=\/wp\/v2\/posts\/2327\/revisions\/2339"}],"wp:attachment":[{"href":"http:\/\/jnr-cpl.com\/index.php?rest_route=%2Fwp%2Fv2%2Fmedia&parent=2327"}],"wp:term":[{"taxonomy":"category","embeddable":true,"href":"http:\/\/jnr-cpl.com\/index.php?rest_route=%2Fwp%2Fv2%2Fcategories&post=2327"},{"taxonomy":"post_tag","embeddable":true,"href":"http:\/\/jnr-cpl.com\/index.php?rest_route=%2Fwp%2Fv2%2Ftags&post=2327"}],"curies":[{"name":"wp","href":"https:\/\/api.w.org\/{rel}","templated":true}]}}