{"id":1318,"date":"2019-03-26T16:05:50","date_gmt":"2019-03-26T15:05:50","guid":{"rendered":"http:\/\/jnr-cpl.com\/?p=1318"},"modified":"2019-03-26T16:05:50","modified_gmt":"2019-03-26T15:05:50","slug":"conference-la-memoire-oubliee-de-la-seconde-guerre-mondiale","status":"publish","type":"post","link":"http:\/\/jnr-cpl.com\/?p=1318","title":{"rendered":"Conf\u00e9rence &#8211; La m\u00e9moire oubli\u00e9e de la Seconde Guerre mondiale"},"content":{"rendered":"<p><a href=\"https:\/\/reseau.sciencespobordeaux.fr\/event\/conference-la-memoire-oubliee-de-la-seconde-guerre-mondiale\/2019\/03\/29\/273?fbclid=IwAR2_ChV-6mIePi5KpFF94twEpIhqt9TjfX5NxmfG9i53Wxi1wqu0nmRVSVo\"><img loading=\"lazy\" decoding=\"async\" class=\"size-full wp-image-1324 alignnone\" src=\"http:\/\/jnr-cpl.com\/wp-content\/uploads\/2019\/03\/Capture-d\u2019e\u0301cran-2019-03-26-a\u0300-16.04.42.png\" alt=\"\" width=\"329\" height=\"109\" srcset=\"http:\/\/jnr-cpl.com\/wp-content\/uploads\/2019\/03\/Capture-d\u2019e\u0301cran-2019-03-26-a\u0300-16.04.42.png 329w, http:\/\/jnr-cpl.com\/wp-content\/uploads\/2019\/03\/Capture-d\u2019e\u0301cran-2019-03-26-a\u0300-16.04.42-300x99.png 300w\" sizes=\"auto, (max-width: 329px) 100vw, 329px\" \/><\/a><\/p>\n<div class=\"row-fluid pull-up\">\n<div class=\"col-xs-12 span12\">\n<div class=\"richedit_wrap\">\n<p><strong>La m\u00e9moire oubli\u00e9e de la Seconde Guerre mondiale<\/strong><br \/>\nVendredi 29 mars, 18 h<br \/>\nAvec St\u00e9phanie Trouillard, journaliste pour France 24, auteure de l&rsquo;ouvrage<em>\u00a0Mon oncle de l&rsquo;ombre : Enqu\u00eate sur un maquisard breton<\/em>.<\/p>\n<p>Pendant des d\u00e9cennies, le souvenir d&rsquo;Andr\u00e9 Gondet, un r\u00e9sistant tu\u00e9 en juillet 1944, s&rsquo;est perdu au sein desa famille. A travers son livre <em>Mon oncle de l&rsquo;ombre<\/em>, sa petite-ni\u00e8ce a d\u00e9cid\u00e9 de briser le silence. Qui \u00e9tait cet homme dont son grand-p\u00e8re ne pronon\u00e7ait pas le nom ? Quel \u00e9tait son combat ? Pendant cinq ans, la jeune femme arpente les salles d&rsquo;archives et interroge des t\u00e9moins de cette p\u00e9riode. En se lan\u00e7ant sur les traces de ce h\u00e9ros ordinaire, elle se rend compte qu&rsquo;un voile a \u00e9t\u00e9 jet\u00e9 sur la m\u00e9moire sensible de la Seconde Guerre mondiale. Soixante-dix ans apr\u00e8s, les hommes et les femmes se lib\u00e8rent enfin de ce poids. Le pass\u00e9 ne demande qu&rsquo;\u00e0 parler.<\/p>\n<\/div>\n<\/div>\n<\/div>\n<p><a href=\"https:\/\/reseau.sciencespobordeaux.fr\/event\/conference-la-memoire-oubliee-de-la-seconde-guerre-mondiale\/2019\/03\/29\/273?fbclid=IwAR2_ChV-6mIePi5KpFF94twEpIhqt9TjfX5NxmfG9i53Wxi1wqu0nmRVSVo\" target=\"_blank\" rel=\"noopener\"><strong>LIRE LA SUITE<\/strong><\/a><\/p>\n","protected":false},"excerpt":{"rendered":"<p>La m\u00e9moire oubli\u00e9e de la Seconde Guerre mondiale Vendredi 29 mars, 18 h Avec St\u00e9phanie Trouillard, journaliste pour France 24, auteure de l&rsquo;ouvrage\u00a0Mon oncle de l&rsquo;ombre : Enqu\u00eate sur un maquisard breton. Pendant des d\u00e9cennies, le souvenir d&rsquo;Andr\u00e9 Gondet, un r\u00e9sistant tu\u00e9 en juillet 1944, s&rsquo;est perdu au sein desa famille. A travers son livre &hellip; <\/p>\n<p class=\"read-more\"><a class=\"btn btn-default\" href=\"http:\/\/jnr-cpl.com\/?p=1318\"> Read More<span class=\"screen-reader-text\">  Read More<\/span><\/a><\/p>\n","protected":false},"author":1,"featured_media":0,"comment_status":"closed","ping_status":"open","sticky":false,"template":"","format":"standard","meta":{"footnotes":""},"categories":[18],"tags":[],"class_list":["post-1318","post","type-post","status-publish","format-standard","hentry","category-actualite-de-la-resistance"],"_links":{"self":[{"href":"http:\/\/jnr-cpl.com\/index.php?rest_route=\/wp\/v2\/posts\/1318","targetHints":{"allow":["GET"]}}],"collection":[{"href":"http:\/\/jnr-cpl.com\/index.php?rest_route=\/wp\/v2\/posts"}],"about":[{"href":"http:\/\/jnr-cpl.com\/index.php?rest_route=\/wp\/v2\/types\/post"}],"author":[{"embeddable":true,"href":"http:\/\/jnr-cpl.com\/index.php?rest_route=\/wp\/v2\/users\/1"}],"replies":[{"embeddable":true,"href":"http:\/\/jnr-cpl.com\/index.php?rest_route=%2Fwp%2Fv2%2Fcomments&post=1318"}],"version-history":[{"count":1,"href":"http:\/\/jnr-cpl.com\/index.php?rest_route=\/wp\/v2\/posts\/1318\/revisions"}],"predecessor-version":[{"id":1325,"href":"http:\/\/jnr-cpl.com\/index.php?rest_route=\/wp\/v2\/posts\/1318\/revisions\/1325"}],"wp:attachment":[{"href":"http:\/\/jnr-cpl.com\/index.php?rest_route=%2Fwp%2Fv2%2Fmedia&parent=1318"}],"wp:term":[{"taxonomy":"category","embeddable":true,"href":"http:\/\/jnr-cpl.com\/index.php?rest_route=%2Fwp%2Fv2%2Fcategories&post=1318"},{"taxonomy":"post_tag","embeddable":true,"href":"http:\/\/jnr-cpl.com\/index.php?rest_route=%2Fwp%2Fv2%2Ftags&post=1318"}],"curies":[{"name":"wp","href":"https:\/\/api.w.org\/{rel}","templated":true}]}}