{"id":1317,"date":"2019-03-26T16:04:29","date_gmt":"2019-03-26T15:04:29","guid":{"rendered":"http:\/\/jnr-cpl.com\/?p=1317"},"modified":"2019-03-26T16:04:29","modified_gmt":"2019-03-26T15:04:29","slug":"andre-gondetheros-retrouve-du-maquis-de-saint-marcel-une-enquete-familiale","status":"publish","type":"post","link":"http:\/\/jnr-cpl.com\/?p=1317","title":{"rendered":"Andr\u00e9 Gondet,h\u00e9ros retrouv\u00e9 du maquis de Saint-Marcel : une enqu\u00eate familiale"},"content":{"rendered":"<section id=\"accroche\" class=\"container\"><a href=\"https:\/\/france3-regions.francetvinfo.fr\/bretagne\/andre-gondet-fusille-1944-heros-oublie-du-maquis-saint-marcel-1639112.html?fbclid=IwAR1vL_p7UCLN1KWuNkV5TM98_5O_yL3kIKqlUc7OqoYcFo0CAKda9jVz8vM\" target=\"_blank\" rel=\"noopener\"><strong><img loading=\"lazy\" decoding=\"async\" class=\"size-full wp-image-1322 alignnone\" src=\"http:\/\/jnr-cpl.com\/wp-content\/uploads\/2019\/03\/Capture-d\u2019e\u0301cran-2019-03-26-a\u0300-16.03.16.png\" alt=\"\" width=\"220\" height=\"87\" \/><\/strong><\/a><\/p>\n<p><strong>Gr\u00e2ce \u00e0 l\u2019enqu\u00eate de sa petite ni\u00e8ce, Andr\u00e9 Gondet, un r\u00e9sistant breton oubli\u00e9 re\u00e7oit la m\u00e9daille de la R\u00e9sistance 75 ans apr\u00e8s sa mort et reprend sa place dans sa famille.\u00a0<\/strong><br \/>\n<\/section>\n<section id=\"chapter-1\" class=\"container chapter\">Le 18 juin prochain (2019), seront c\u00e9l\u00e9br\u00e9s les 75 ans de la bataille du maquis de Saint-Marcel.\u00a0A l\u2019\u00e9t\u00e9 1944, plus de 3000 r\u00e9sistants se regroupent dans la campagne de cette petite commune du Morbihan et vont obtenir la premi\u00e8re victoire significative face \u00e0 l&rsquo;occupant sur le territoire fran\u00e7ais.<\/p>\n<p>S&rsquo;en suivent malheureusement d&rsquo;atroces repr\u00e9sailles contre la population et la R\u00e9sistance alors que les troupes am\u00e9ricaines se font attendre.\u00a0Parmi les victimes, Andr\u00e9 Gondet, un jeune membre des Forces Fran\u00e7aises de l&rsquo;Int\u00e9rieur.\u00a0Il allait \u00e0 coup s\u00fbr tomber dans l&rsquo;oubli sans les recherches men\u00e9es r\u00e9cemment par sa petite ni\u00e8ce.\u00a0St\u00e9phanie Trouillard raconte son travail dans un livre <em>\u00ab\u00a0Mon oncle de l&rsquo;ombre, enqu\u00eate sur un maquisard breton\u00a0\u00bb (\u00e9ditions Skol Vreiz).\u00a0<\/em><\/section>\n<section><\/section>\n<section><a href=\"https:\/\/france3-regions.francetvinfo.fr\/bretagne\/andre-gondet-fusille-1944-heros-oublie-du-maquis-saint-marcel-1639112.html?fbclid=IwAR1vL_p7UCLN1KWuNkV5TM98_5O_yL3kIKqlUc7OqoYcFo0CAKda9jVz8vM\" target=\"_blank\" rel=\"noopener\"><strong>LIRE LA SUITE<\/strong><\/a><\/section>\n","protected":false},"excerpt":{"rendered":"<p>Gr\u00e2ce \u00e0 l\u2019enqu\u00eate de sa petite ni\u00e8ce, Andr\u00e9 Gondet, un r\u00e9sistant breton oubli\u00e9 re\u00e7oit la m\u00e9daille de la R\u00e9sistance 75 ans apr\u00e8s sa mort et reprend sa place dans sa famille.\u00a0 Le 18 juin prochain (2019), seront c\u00e9l\u00e9br\u00e9s les 75 ans de la bataille du maquis de Saint-Marcel.\u00a0A l\u2019\u00e9t\u00e9 1944, plus de 3000 r\u00e9sistants se &hellip; <\/p>\n<p class=\"read-more\"><a class=\"btn btn-default\" href=\"http:\/\/jnr-cpl.com\/?p=1317\"> Read More<span class=\"screen-reader-text\">  Read More<\/span><\/a><\/p>\n","protected":false},"author":1,"featured_media":0,"comment_status":"closed","ping_status":"open","sticky":false,"template":"","format":"standard","meta":{"footnotes":""},"categories":[18],"tags":[],"class_list":["post-1317","post","type-post","status-publish","format-standard","hentry","category-actualite-de-la-resistance"],"_links":{"self":[{"href":"http:\/\/jnr-cpl.com\/index.php?rest_route=\/wp\/v2\/posts\/1317","targetHints":{"allow":["GET"]}}],"collection":[{"href":"http:\/\/jnr-cpl.com\/index.php?rest_route=\/wp\/v2\/posts"}],"about":[{"href":"http:\/\/jnr-cpl.com\/index.php?rest_route=\/wp\/v2\/types\/post"}],"author":[{"embeddable":true,"href":"http:\/\/jnr-cpl.com\/index.php?rest_route=\/wp\/v2\/users\/1"}],"replies":[{"embeddable":true,"href":"http:\/\/jnr-cpl.com\/index.php?rest_route=%2Fwp%2Fv2%2Fcomments&post=1317"}],"version-history":[{"count":1,"href":"http:\/\/jnr-cpl.com\/index.php?rest_route=\/wp\/v2\/posts\/1317\/revisions"}],"predecessor-version":[{"id":1323,"href":"http:\/\/jnr-cpl.com\/index.php?rest_route=\/wp\/v2\/posts\/1317\/revisions\/1323"}],"wp:attachment":[{"href":"http:\/\/jnr-cpl.com\/index.php?rest_route=%2Fwp%2Fv2%2Fmedia&parent=1317"}],"wp:term":[{"taxonomy":"category","embeddable":true,"href":"http:\/\/jnr-cpl.com\/index.php?rest_route=%2Fwp%2Fv2%2Fcategories&post=1317"},{"taxonomy":"post_tag","embeddable":true,"href":"http:\/\/jnr-cpl.com\/index.php?rest_route=%2Fwp%2Fv2%2Ftags&post=1317"}],"curies":[{"name":"wp","href":"https:\/\/api.w.org\/{rel}","templated":true}]}}