{"id":1316,"date":"2019-03-26T16:02:21","date_gmt":"2019-03-26T15:02:21","guid":{"rendered":"http:\/\/jnr-cpl.com\/?p=1316"},"modified":"2019-03-26T16:02:21","modified_gmt":"2019-03-26T15:02:21","slug":"ce-jour-la-le-15-mars-1944","status":"publish","type":"post","link":"http:\/\/jnr-cpl.com\/?p=1316","title":{"rendered":"Ce jour l\u00e0 | Le 15 mars 1944"},"content":{"rendered":"<p><span id=\"fbPhotoSnowliftCaption\" class=\"fbPhotosPhotoCaption\" tabindex=\"0\" aria-live=\"polite\" data-ft=\"{&quot;tn&quot;:&quot;K&quot;}\"><span class=\"hasCaption\">Le programme du Conseil National de la R\u00e9sistance, appel\u00e9 \u00ab Les jours heureux par le CNR \u00bb, est adopt\u00e9 \u00e0 l\u2019unanimit\u00e9 par l\u2019ensemble des mouvances politiques repr\u00e9sent\u00e9es au CNR. Ce court texte d\u2019une dizaine de feuillets comprend deux parties, un \u00ab plan d\u2019action imm\u00e9diate \u00bb concernant l\u2019action de la r\u00e9sistance int\u00e9rieure \u00e0 mener dans la perspective de la lib\u00e9ration, su<span class=\"text_exposed_show\">ivi d\u2019un second volet comportant les \u00ab mesures \u00e0 appliquer d\u00e8s la lib\u00e9ration du territoire \u00bb. Les premi\u00e8res ont trait \u00e0 l\u2019\u00e9puration et seront suivies \u00e0 plus long terme de r\u00e9formes. Parmi celles-ci, des nationalisations mais aussi la cr\u00e9ation de la s\u00e9curit\u00e9 sociale. Il y est \u00e9galement question de la mise en place du suffrage universel. On se rappelle davantage cette seconde partie, la plupart de ces propositions ayant effectivement \u00e9t\u00e9 adopt\u00e9es par le gouvernement provisoire de la R\u00e9publique Fran\u00e7aise entre 1944 et 1946.<\/p>\n<p>L\u00e9gende : Journal Lib\u00e9ration, \u00e9dition zone Sud, n\u00b0 sp\u00e9cial de mai 1944 consacr\u00e9 au programme du Conseil national de la R\u00e9sistance, adopt\u00e9 le 15 mars 1944. Plus d&rsquo;informations : <a href=\"http:\/\/museedelaresistanceenligne.org\/media1330-Le-journal-iLibA?fbclid=IwAR13uTDHDTtkHlrFzTAwJU65eeH_J3lFWufgCF1BqIjleO6i5QE5e5Y4kME#fiche-tab\" target=\"_blank\" rel=\"nofollow noopener\" data-lynx-mode=\"asynclazy\" data-lynx-uri=\"https:\/\/l.facebook.com\/l.php?u=http%3A%2F%2Fmuseedelaresistanceenligne.org%2Fmedia1330-Le-journal-iLibA%3Ffbclid%3DIwAR13uTDHDTtkHlrFzTAwJU65eeH_J3lFWufgCF1BqIjleO6i5QE5e5Y4kME%23fiche-tab&amp;h=AT2c9TT5OnSgmjmkk5FPbpgUVYHNmIEGM1iRCRdSrmA2t7HsBKmrIh7iwv-3un7BVAlLNxB1hMOVfCaEaMZp-4Jhgy5ic6MmeOoJDNK2a6XnwOyqf65epY5_u4umYZsbBjXtb7SVvyI9-I0\">http:\/\/<wbr \/>museedelaresistanceenligne.<wbr \/>org\/<wbr \/>media1330-Le-journal-iLibA#<wbr \/>fiche-tab<\/a><\/span><\/span><\/span><\/p>\n<p>&nbsp;<\/p>\n<p><img loading=\"lazy\" decoding=\"async\" class=\"aligncenter size-full wp-image-1320\" src=\"http:\/\/jnr-cpl.com\/wp-content\/uploads\/2019\/03\/53585243_560068207810514_1413014145548156928_n.jpg\" alt=\"\" width=\"764\" height=\"960\" srcset=\"http:\/\/jnr-cpl.com\/wp-content\/uploads\/2019\/03\/53585243_560068207810514_1413014145548156928_n.jpg 764w, http:\/\/jnr-cpl.com\/wp-content\/uploads\/2019\/03\/53585243_560068207810514_1413014145548156928_n-239x300.jpg 239w, http:\/\/jnr-cpl.com\/wp-content\/uploads\/2019\/03\/53585243_560068207810514_1413014145548156928_n-215x270.jpg 215w\" sizes=\"auto, (max-width: 764px) 100vw, 764px\" \/><\/p>\n","protected":false},"excerpt":{"rendered":"<p>Le programme du Conseil National de la R\u00e9sistance, appel\u00e9 \u00ab Les jours heureux par le CNR \u00bb, est adopt\u00e9 \u00e0 l\u2019unanimit\u00e9 par l\u2019ensemble des mouvances politiques repr\u00e9sent\u00e9es au CNR. Ce court texte d\u2019une dizaine de feuillets comprend deux parties, un \u00ab plan d\u2019action imm\u00e9diate \u00bb concernant l\u2019action de la r\u00e9sistance int\u00e9rieure \u00e0 mener dans la &hellip; <\/p>\n<p class=\"read-more\"><a class=\"btn btn-default\" href=\"http:\/\/jnr-cpl.com\/?p=1316\"> Read More<span class=\"screen-reader-text\">  Read More<\/span><\/a><\/p>\n","protected":false},"author":1,"featured_media":0,"comment_status":"closed","ping_status":"open","sticky":false,"template":"","format":"standard","meta":{"footnotes":""},"categories":[18],"tags":[],"class_list":["post-1316","post","type-post","status-publish","format-standard","hentry","category-actualite-de-la-resistance"],"_links":{"self":[{"href":"http:\/\/jnr-cpl.com\/index.php?rest_route=\/wp\/v2\/posts\/1316","targetHints":{"allow":["GET"]}}],"collection":[{"href":"http:\/\/jnr-cpl.com\/index.php?rest_route=\/wp\/v2\/posts"}],"about":[{"href":"http:\/\/jnr-cpl.com\/index.php?rest_route=\/wp\/v2\/types\/post"}],"author":[{"embeddable":true,"href":"http:\/\/jnr-cpl.com\/index.php?rest_route=\/wp\/v2\/users\/1"}],"replies":[{"embeddable":true,"href":"http:\/\/jnr-cpl.com\/index.php?rest_route=%2Fwp%2Fv2%2Fcomments&post=1316"}],"version-history":[{"count":1,"href":"http:\/\/jnr-cpl.com\/index.php?rest_route=\/wp\/v2\/posts\/1316\/revisions"}],"predecessor-version":[{"id":1321,"href":"http:\/\/jnr-cpl.com\/index.php?rest_route=\/wp\/v2\/posts\/1316\/revisions\/1321"}],"wp:attachment":[{"href":"http:\/\/jnr-cpl.com\/index.php?rest_route=%2Fwp%2Fv2%2Fmedia&parent=1316"}],"wp:term":[{"taxonomy":"category","embeddable":true,"href":"http:\/\/jnr-cpl.com\/index.php?rest_route=%2Fwp%2Fv2%2Fcategories&post=1316"},{"taxonomy":"post_tag","embeddable":true,"href":"http:\/\/jnr-cpl.com\/index.php?rest_route=%2Fwp%2Fv2%2Ftags&post=1316"}],"curies":[{"name":"wp","href":"https:\/\/api.w.org\/{rel}","templated":true}]}}