{"id":1288,"date":"2019-03-13T08:08:38","date_gmt":"2019-03-13T07:08:38","guid":{"rendered":"http:\/\/jnr-cpl.com\/?p=1288"},"modified":"2019-03-13T08:08:38","modified_gmt":"2019-03-13T07:08:38","slug":"projection-le-jour-et-lheure-de-rene-clement","status":"publish","type":"post","link":"http:\/\/jnr-cpl.com\/?p=1288","title":{"rendered":"Projection : \u00ab\u00a0Le Jour et l&rsquo;heure\u00a0\u00bb de Ren\u00e9 Cl\u00e9ment"},"content":{"rendered":"<p><strong><em>Le Jour et l\u2019heure<\/em> de Ren\u00e9 Cl\u00e9ment &#8211; 1963 &#8211; 1h49 &#8211; V.F.<\/strong><\/p>\n<p>Synopsis: Pendant la Seconde Guerre mondiale, un pilote am\u00e9ricain, dont l\u2019appareil est abattu au-dessus du sol fran\u00e7ais, est recueilli par une femme dont le mari est prisonnier de guerre en Allemagne. Elle l\u2019aide \u00e0 traverser la France pour rejoindre l\u2019Angleterre sans se faire rep\u00e9rer par les autorit\u00e9s allemandes et fran\u00e7aises.<\/p>\n<p>S\u00e9ance suivie d\u2019un \u00e9change avec Fabrice GRENARD, directeur historique de la Fondation de la R\u00e9sistance et Marie-France MONTEL, charg\u00e9e des actions culturelles \u00e0 l\u2019ECPAD (Etablissement de Communication et de Production Audiovisuelle de la D\u00e9fense).<\/p>\n<p><a href=\"http:\/\/fusilles-montvalerien.com\/wp-content\/uploads\/2019\/03\/46470548_333408430820892_966883329733296128_n.jpg\"><img loading=\"lazy\" decoding=\"async\" class=\"alignnone  wp-image-545\" src=\"http:\/\/fusilles-montvalerien.com\/wp-content\/uploads\/2019\/03\/46470548_333408430820892_966883329733296128_n.jpg\" alt=\"\" width=\"540\" height=\"286\" \/><\/a><\/p>\n<p><a href=\"https:\/\/www.facebook.com\/events\/200803924142231\/\" target=\"_blank\" rel=\"noopener\"><strong>EN SAVOIR PLUS<\/strong><\/a><\/p>\n","protected":false},"excerpt":{"rendered":"<p>Le Jour et l\u2019heure de Ren\u00e9 Cl\u00e9ment &#8211; 1963 &#8211; 1h49 &#8211; V.F. Synopsis: Pendant la Seconde Guerre mondiale, un pilote am\u00e9ricain, dont l\u2019appareil est abattu au-dessus du sol fran\u00e7ais, est recueilli par une femme dont le mari est prisonnier de guerre en Allemagne. Elle l\u2019aide \u00e0 traverser la France pour rejoindre l\u2019Angleterre sans se &hellip; <\/p>\n<p class=\"read-more\"><a class=\"btn btn-default\" href=\"http:\/\/jnr-cpl.com\/?p=1288\"> Read More<span class=\"screen-reader-text\">  Read More<\/span><\/a><\/p>\n","protected":false},"author":1,"featured_media":0,"comment_status":"closed","ping_status":"open","sticky":false,"template":"","format":"standard","meta":{"footnotes":""},"categories":[18],"tags":[],"class_list":["post-1288","post","type-post","status-publish","format-standard","hentry","category-actualite-de-la-resistance"],"_links":{"self":[{"href":"http:\/\/jnr-cpl.com\/index.php?rest_route=\/wp\/v2\/posts\/1288","targetHints":{"allow":["GET"]}}],"collection":[{"href":"http:\/\/jnr-cpl.com\/index.php?rest_route=\/wp\/v2\/posts"}],"about":[{"href":"http:\/\/jnr-cpl.com\/index.php?rest_route=\/wp\/v2\/types\/post"}],"author":[{"embeddable":true,"href":"http:\/\/jnr-cpl.com\/index.php?rest_route=\/wp\/v2\/users\/1"}],"replies":[{"embeddable":true,"href":"http:\/\/jnr-cpl.com\/index.php?rest_route=%2Fwp%2Fv2%2Fcomments&post=1288"}],"version-history":[{"count":1,"href":"http:\/\/jnr-cpl.com\/index.php?rest_route=\/wp\/v2\/posts\/1288\/revisions"}],"predecessor-version":[{"id":1289,"href":"http:\/\/jnr-cpl.com\/index.php?rest_route=\/wp\/v2\/posts\/1288\/revisions\/1289"}],"wp:attachment":[{"href":"http:\/\/jnr-cpl.com\/index.php?rest_route=%2Fwp%2Fv2%2Fmedia&parent=1288"}],"wp:term":[{"taxonomy":"category","embeddable":true,"href":"http:\/\/jnr-cpl.com\/index.php?rest_route=%2Fwp%2Fv2%2Fcategories&post=1288"},{"taxonomy":"post_tag","embeddable":true,"href":"http:\/\/jnr-cpl.com\/index.php?rest_route=%2Fwp%2Fv2%2Ftags&post=1288"}],"curies":[{"name":"wp","href":"https:\/\/api.w.org\/{rel}","templated":true}]}}