{"id":1286,"date":"2019-03-12T13:13:19","date_gmt":"2019-03-12T12:13:19","guid":{"rendered":"http:\/\/jnr-cpl.com\/?p=1286"},"modified":"2019-03-12T13:13:19","modified_gmt":"2019-03-12T12:13:19","slug":"seance-exceptionnelle-david-rousset","status":"publish","type":"post","link":"http:\/\/jnr-cpl.com\/?p=1286","title":{"rendered":"S\u00c9ANCE EXCEPTIONNELLE \u00ab\u00a0DAVID ROUSSET\u00a0\u00bb"},"content":{"rendered":"<p><strong>\u00c0 l\u2019Auditorium de l\u2019H\u00f4tel de Ville de Paris,<\/strong><br \/>\n<strong>sous l\u2019\u00e9gide de la Maire de Paris, <\/strong><br \/>\n<strong>le 9 avril 2019 \u00e0 14h<\/strong><\/p>\n<p>Pour l\u2019anniversaire de la Lib\u00e9ration de Buchenwald, en partenariat avec l\u2019association l&rsquo;association CINE HISTOIRE, l&rsquo;Association Buchenwald, Dora et Kommandos organise une s\u00e9ance d\u00e9di\u00e9e \u00e0 David Rousset et \u00e0 ses travaux pour r\u00e9v\u00e9ler les syst\u00e8mes concentrationnaires dans le monde.<\/p>\n<p>David Rousset, journaliste, \u00e9crivain, dirigeant du mouvement trotskiste avant-guerre, est l\u2019auteur d\u2019une des premi\u00e8res descriptions de la soci\u00e9t\u00e9 concentrationnaire parue en 1946 sous le titre <em>L\u2019univers concentrationnaire<\/em>, Prix Renaudot 1946. Puis, l\u2019ann\u00e9e suivante, il publie un roman de 800 pages : <em>Les Jours de notre mort<\/em>. Il n\u2019aura de cesse par la suite, jusqu\u2019\u00e0 son d\u00e9c\u00e8s en 1997, de d\u00e9noncer tous les syst\u00e8mes concentrationnaires dans le monde, de l\u2019URSS \u00e0 la Chine, mais aussi, d\u00e8s la fin des ann\u00e9es 1940, de Gr\u00e8ce, d\u2019Espagne et de Yougoslavie, sans oublier son voyage en Alg\u00e9rie avec Germaine Tillion dans le cadre de la Commission internationale contre le r\u00e9gime concentrationnaire (CICRC), qu\u2019il avait cr\u00e9\u00e9e avec l\u2019appel aux d\u00e9port\u00e9s de 1949.<br \/>\nCes rapprochements, dans le contexte de la guerre froide, lui valurent de nombreuses critiques de ses camarades d\u00e9port\u00e9s fran\u00e7ais et sont \u00e0 l\u2019origine d\u2019un schisme dans le mouvement d\u00e9port\u00e9.<\/p>\n<p>Entr\u00e9e libre, mais inscription obligatoire dans les limites des places disponibles : <a href=\"mailto:contact@buchenwald-dora.fr\" target=\"_blank\" rel=\"noopener noreferrer\"><strong>contact@buchenwald-dora.fr<\/strong><\/a><\/p>\n<p>ou par courrier \u00e0 : Association Fran\u00e7aise Buchenwald, Dora et Kommandos, 3 rue de Vincennes 93100 Montreuil<\/p>\n<p><img loading=\"lazy\" decoding=\"async\" class=\"alignnone size-large wp-image-2838\" src=\"http:\/\/buchenwald-dora.fr\/wp-content\/uploads\/2019\/03\/rousset.jpg\" alt=\"\" width=\"300\" height=\"215\" \/><\/p>\n<p><img loading=\"lazy\" decoding=\"async\" class=\"alignnone wp-image-2837 size-medium\" src=\"http:\/\/buchenwald-dora.fr\/wp-content\/uploads\/2019\/03\/9782818503294-T-185x300.jpg\" alt=\"\" width=\"185\" height=\"300\" \/><\/p>\n<p><strong>\u00a0<\/strong><\/p>\n","protected":false},"excerpt":{"rendered":"<p>\u00c0 l\u2019Auditorium de l\u2019H\u00f4tel de Ville de Paris, sous l\u2019\u00e9gide de la Maire de Paris, le 9 avril 2019 \u00e0 14h Pour l\u2019anniversaire de la Lib\u00e9ration de Buchenwald, en partenariat avec l\u2019association l&rsquo;association CINE HISTOIRE, l&rsquo;Association Buchenwald, Dora et Kommandos organise une s\u00e9ance d\u00e9di\u00e9e \u00e0 David Rousset et \u00e0 ses travaux pour r\u00e9v\u00e9ler les syst\u00e8mes &hellip; <\/p>\n<p class=\"read-more\"><a class=\"btn btn-default\" href=\"http:\/\/jnr-cpl.com\/?p=1286\"> Read More<span class=\"screen-reader-text\">  Read More<\/span><\/a><\/p>\n","protected":false},"author":1,"featured_media":0,"comment_status":"closed","ping_status":"open","sticky":false,"template":"","format":"standard","meta":{"footnotes":""},"categories":[19],"tags":[],"class_list":["post-1286","post","type-post","status-publish","format-standard","hentry","category-actualite-de-la-deportation"],"_links":{"self":[{"href":"http:\/\/jnr-cpl.com\/index.php?rest_route=\/wp\/v2\/posts\/1286","targetHints":{"allow":["GET"]}}],"collection":[{"href":"http:\/\/jnr-cpl.com\/index.php?rest_route=\/wp\/v2\/posts"}],"about":[{"href":"http:\/\/jnr-cpl.com\/index.php?rest_route=\/wp\/v2\/types\/post"}],"author":[{"embeddable":true,"href":"http:\/\/jnr-cpl.com\/index.php?rest_route=\/wp\/v2\/users\/1"}],"replies":[{"embeddable":true,"href":"http:\/\/jnr-cpl.com\/index.php?rest_route=%2Fwp%2Fv2%2Fcomments&post=1286"}],"version-history":[{"count":1,"href":"http:\/\/jnr-cpl.com\/index.php?rest_route=\/wp\/v2\/posts\/1286\/revisions"}],"predecessor-version":[{"id":1287,"href":"http:\/\/jnr-cpl.com\/index.php?rest_route=\/wp\/v2\/posts\/1286\/revisions\/1287"}],"wp:attachment":[{"href":"http:\/\/jnr-cpl.com\/index.php?rest_route=%2Fwp%2Fv2%2Fmedia&parent=1286"}],"wp:term":[{"taxonomy":"category","embeddable":true,"href":"http:\/\/jnr-cpl.com\/index.php?rest_route=%2Fwp%2Fv2%2Fcategories&post=1286"},{"taxonomy":"post_tag","embeddable":true,"href":"http:\/\/jnr-cpl.com\/index.php?rest_route=%2Fwp%2Fv2%2Ftags&post=1286"}],"curies":[{"name":"wp","href":"https:\/\/api.w.org\/{rel}","templated":true}]}}