{"id":1277,"date":"2019-03-07T10:12:33","date_gmt":"2019-03-07T09:12:33","guid":{"rendered":"http:\/\/jnr-cpl.com\/?p=1277"},"modified":"2019-03-07T10:12:33","modified_gmt":"2019-03-07T09:12:33","slug":"temoignages-mis-en-ligne-sur-le-site-de-mer","status":"publish","type":"post","link":"http:\/\/jnr-cpl.com\/?p=1277","title":{"rendered":"T\u00e9moignages mis en ligne sur le site de MER"},"content":{"rendered":"<p><img loading=\"lazy\" decoding=\"async\" class=\"size-full wp-image-1281 alignleft\" src=\"http:\/\/jnr-cpl.com\/wp-content\/uploads\/2019\/03\/logo.png\" alt=\"\" width=\"157\" height=\"118\" \/>L\u2019Association des Amis de la Fondation de la R\u00e9sistance propose un nouveau rendez-vous, celui de visionner et d\u2019\u00e9couter depuis son site les voix de r\u00e9sistants et de d\u00e9port\u00e9s, aussi parfois celles de leurs familles ou de leurs camarades \u00e0 partir d\u2019un simple \u00ab clic \u00bb :<\/p>\n<p>Dans un premier temps l\u2019association des Amis de la Fondation de la R\u00e9sistance avait recueilli ces nombreux t\u00e9moignages et les avait enregistr\u00e9s sur des DVD qu&rsquo;elle mettait gracieusement \u00e0 la disposition des enseignants, des organismes socioculturels et de tous les passionn\u00e9s par \u00ab\u00a0ces ann\u00e9es-l\u00e0\u00a0\u00bb.<br \/>\nAujourd\u2019hui tous ces t\u00e9moignages, qui repr\u00e9sentent pr\u00e8s de 16 heures d&rsquo;\u00e9coute, peuvent \u00eatre visionn\u00e9s \u00e0 partir du site de l&rsquo;association. Tous ces t\u00e9moignages sont transcrits et en plus la biographie de chaque t\u00e9moin est accessible avec le clic Voir sa biographie.<br \/>\nToutes ces femmes et ces hommes, exemples de courage, venus de toutes les r\u00e9gions de France, \u00e9voquent leur engagement, leur combat dans la R\u00e9sistance, leur arrestation et pour certains le calvaire des camps de concentration. Toutes et tous \u00e9voquent la joie de la lib\u00e9ration et la reconstruction de la France avec pour cadre les valeurs de la R\u00e9sistance. Toutes et tous en conclusion de leur t\u00e9moignage \u00e0 l\u2019adresse de la jeunesse font leurs ces mots de Charles de Gaulle rapport\u00e9s par Pierre Lefranc : \u00abQuand vous avez deux chemins, choisissez celui qui monte le plus haut. \u00bb<br \/>\nToutes ces vid\u00e9os et la rubrique \u00ab Ne les oublions pas \u00bb, avec ses 1 300 parcours de r\u00e9sistants, repr\u00e9sentent une source documentaire pr\u00e9cieuse pour les enseignants et leurs \u00e9l\u00e8ves lors de la pr\u00e9paration du Concours national de la R\u00e9sistance et de la D\u00e9portation. Ces t\u00e9moignages sont aussi une belle fa\u00e7on pour tous ceux que la m\u00e9moire de la R\u00e9sistance passionne de se souvenir de ces voix dont beaucoup aujourd\u2019hui se sont tues.<\/p>\n<p><img loading=\"lazy\" decoding=\"async\" class=\"aligncenter size-full wp-image-1280\" src=\"http:\/\/jnr-cpl.com\/wp-content\/uploads\/2019\/03\/Capture-d\u2019e\u0301cran-1.jpg\" alt=\"\" width=\"1001\" height=\"951\" srcset=\"http:\/\/jnr-cpl.com\/wp-content\/uploads\/2019\/03\/Capture-d\u2019e\u0301cran-1.jpg 1001w, http:\/\/jnr-cpl.com\/wp-content\/uploads\/2019\/03\/Capture-d\u2019e\u0301cran-1-300x285.jpg 300w, http:\/\/jnr-cpl.com\/wp-content\/uploads\/2019\/03\/Capture-d\u2019e\u0301cran-1-768x730.jpg 768w, http:\/\/jnr-cpl.com\/wp-content\/uploads\/2019\/03\/Capture-d\u2019e\u0301cran-1-284x270.jpg 284w\" sizes=\"auto, (max-width: 1001px) 100vw, 1001px\" \/>\u00a0<img loading=\"lazy\" decoding=\"async\" class=\"aligncenter size-full wp-image-1279\" src=\"http:\/\/jnr-cpl.com\/wp-content\/uploads\/2019\/03\/Capture-de\u0301cran-2-1.jpg\" alt=\"\" width=\"1135\" height=\"795\" srcset=\"http:\/\/jnr-cpl.com\/wp-content\/uploads\/2019\/03\/Capture-de\u0301cran-2-1.jpg 1135w, http:\/\/jnr-cpl.com\/wp-content\/uploads\/2019\/03\/Capture-de\u0301cran-2-1-300x210.jpg 300w, http:\/\/jnr-cpl.com\/wp-content\/uploads\/2019\/03\/Capture-de\u0301cran-2-1-768x538.jpg 768w, http:\/\/jnr-cpl.com\/wp-content\/uploads\/2019\/03\/Capture-de\u0301cran-2-1-1024x717.jpg 1024w, http:\/\/jnr-cpl.com\/wp-content\/uploads\/2019\/03\/Capture-de\u0301cran-2-1-385x270.jpg 385w\" sizes=\"auto, (max-width: 1135px) 100vw, 1135px\" \/><br \/>\nCes t\u00e9moignages sont ceux de : Mich\u00e8le Agniel, raconte le parcours de Georges Broussine du r\u00e9seau d\u2019\u00e9vasion Bourgogne \u25cf Raymond Aubrac, \u00e9voque le \u00ab couple unique \u00bb qu\u2019il formait avec Lucie dans la R\u00e9sistance lyonnaise au sein du mouvement Lib\u00e9ration-sud \u25cf Jean-Jacques Auduc, agent de la France libre \u25cf Roger et Rolande Becker, agents du r\u00e9seau de renseignement Alliance \u25cf Claude Berthi\u00e9, r\u00e9sistant au sein de l\u2019Arm\u00e9e Secr\u00e8te \u25cf Th\u00e9o Bohrmann, maquisard de 15 ans \u00e0 Vabre (Tarn) \u25cf Bernard-Henri Bonnafous, chef r\u00e9gional adjoint de l\u2019Arm\u00e9e Secr\u00e8te pour la r\u00e9gion R3 (Languedoc-Roussillon) puis chef FFI de l\u2019Aveyron \u25cf Lo\u00efc Bouvard, maquisard \u00e0 Saint Marcel (Morbihan) \u25cf Guy Chevalier, maquisard en Bourgogne \u25cf Marie-Jos\u00e9 Chombart de Lauwe, \u00e9tudiante en m\u00e9decine, r\u00e9sistante bretonne, d\u00e9port\u00e9e \u00e0 Ravensbr\u00fcck \u25cf Victor Chaudron, agent de liaison dans les maquis de C\u00f4te d\u2019Or \u25cf Jean Chauvin, membre du mouvement Lib\u00e9ration-Nord \u25cf Jean-Louis Cr\u00e9mieux-Brilhac, \u00e9vad\u00e9 d\u2019Allemagne par l\u2019URSS, responsable de la propagande de la France libre \u00e0 Londres \u25cf Jean-Marie Delabre, lyc\u00e9en parisien, r\u00e9sistant au sein des mouvements des Volontaires de la Libert\u00e9 et de D\u00e9fense de la France, d\u00e9port\u00e9 \u00e0 Buchenwald et \u00e0 Mauthausen \u25cf Pierre Demalvilain, r\u00e9sistant breton, agent de liaison du r\u00e9seau franco-polonais F2 \u25cf Maurice Druon, Fran\u00e7ais libre auteur avec son oncle Joseph Kessel du Chant des Partisans \u25cf Simone et Claude Ducreux, r\u00e9sistants de diff\u00e9rents mouvements dont Lib\u00e9ration-Nord \u25cf Henri \u00c9cochard, membre des Forces Fran\u00e7aises Libres, soldat de la 1\u00e8re DFL \u25cf Andr\u00e9 Fournier, r\u00e9sistant des mouvements D\u00e9fense de la France et Vengeance, d\u00e9port\u00e9 \u00e0 Dachau \u25cf Angilbert de Franssu, jeune exploitant agricole, r\u00e9sistant de Picardie \u25cf Brigitte Friang, r\u00e9sistante charg\u00e9e des parachutages dans la r\u00e9gion Ouest, d\u00e9port\u00e9e \u00e0 Ravensbr\u00fcck \u25cf Bernard de Gaulle, petit-neveu du g\u00e9n\u00e9ral Charles de Gaulle, maquisard \u00e9vad\u00e9 de France par l\u2019Espagne \u25cf Jean Gavard, lyc\u00e9en bordelais, r\u00e9sistant du r\u00e9seau de renseignement CND-Castille, d\u00e9port\u00e9 \u00e0 Mauthausen \u25cf Gis\u00e8le Guillemot, r\u00e9sistante, d\u00e9port\u00e9e \u00e0 Ravensbr\u00fcck \u25cf St\u00e9phane Hessel, normalien, membre du BCRA \u00e0 Londres, arr\u00eat\u00e9 lors d\u2019une mission en France et d\u00e9port\u00e9 \u00e0 Buchenwald \u25cf Pierre Lefranc, arr\u00eat\u00e9 lors de la manifestation du 11 novembre 1940 \u00e0 l\u2019Arc de Triomphe \u00e0 Paris, membre du BCRA \u00e0 Londres\u25cf Georges Loinger, prisonnier de guerre \u00e9vad\u00e9 d\u2019Allemagne fin d\u00e9cembre 1940, r\u00e9sistant au sein de l\u2019OSE il sauve des centaines d\u2019enfants juifs \u25cf Maurice Lombard, chef du maquis Laurent en C\u00f4te d\u2019Or \u25cf Christiane Matt\u00e9oli, r\u00e9sistante \u00e0 Dijon \u25cf Pierre Morel, r\u00e9sistant au sein de r\u00e9seaux du SOE \u25cf Charlotte Nadel, \u00e9tudiante parisienne, membre du comit\u00e9 directeur de D\u00e9fense de la France, responsable de l\u2019impression du journal clandestin \u25cf Jacqueline Pardon, \u00e9tudiante parisienne, membre du comit\u00e9 directeur de D\u00e9fense de la France t\u00e9moigne de l\u2019action de Jacques Lusseyran, \u00e9tudiant parisien aveugle, animateur du mouvement les Volontaires de la Libert\u00e9 \u25cf Robert Pelletier, lyc\u00e9en r\u00e9sistant au r\u00e9seau de renseignement Alliance \u25cf Fran\u00e7ois Perrot, lyc\u00e9en parisien, r\u00e9sistant membre du Front national des \u00e9tudiants (FNE) d\u00e9port\u00e9 \u00e0 Buchenwald \u25cf Rosette Peschaud, Rochambelle dans la 2e DB \u25cf Ren\u00e9 R\u00e9mond, antimunichois avant-guerre, membre du r\u00e9seau Jade-Fitzroy \u25cf Claire Richet, agent de liaison dans le r\u00e9seau Alibi \u25cf Noreen Riols, membre du quartier g\u00e9n\u00e9ral du SOE \u00e0 Londres \u25cf C\u00e9cile Rol-Tanguy, r\u00e9sistante \u00e0 Paris, \u00e9pouse et secr\u00e9taire du colonel Rol-Tanguy dans la clandestinit\u00e9 jusqu\u2019\u00e0 la lib\u00e9ration de Paris \u25cf Pierre de Saint-Macary, r\u00e9sistant d\u00e9port\u00e9 \u00e0 Mauthausen\u25cf Pierre Sudreau, chef du r\u00e9seau Brutus pour la zone occup\u00e9e, d\u00e9port\u00e9 \u00e0 Buchenwald \u25cf Andr\u00e9e Thiersault et Marcel Derenne, membres du Bureau des Op\u00e9rations A\u00e9riennes en Pays de Loire \u25cf Raoul Tourette, r\u00e9sistant de l\u2019Ain, d\u00e9port\u00e9 \u00e0 Neuengamme \u25cf Jean-Pierre Vernant, alias colonel Berthier, chef de l\u2019arm\u00e9e Secr\u00e8te du Sud-Ouest \u25cf H\u00e9l\u00e8ne Viannay, co-fondatrice de D\u00e9fense de la France \u25cf Jacques Vico, r\u00e9sistant normand au sein du mouvement OCM \u25cf Maurice Voutey, r\u00e9sistant et d\u00e9port\u00e9.<br \/>\nLes Amis de la Fondation de la R\u00e9sistance<br \/>\nPlace Marie-Madeleine Fourcade<br \/>\n16-18, place Dupleix<br \/>\n75015 Paris<br \/>\nTel : 01-45-66-92-32<\/p>\n<p>Mail : memoresist@m-e-r.org<\/p>\n<p><a href=\"http:\/\/www.memoresist.org\/actualites\/\" target=\"_blank\" rel=\"noopener\">Site : http:\/\/www.memoresist.org<\/a><\/p>\n","protected":false},"excerpt":{"rendered":"<p>L\u2019Association des Amis de la Fondation de la R\u00e9sistance propose un nouveau rendez-vous, celui de visionner et d\u2019\u00e9couter depuis son site les voix de r\u00e9sistants et de d\u00e9port\u00e9s, aussi parfois celles de leurs familles ou de leurs camarades \u00e0 partir d\u2019un simple \u00ab clic \u00bb : Dans un premier temps l\u2019association des Amis de la &hellip; <\/p>\n<p class=\"read-more\"><a class=\"btn btn-default\" href=\"http:\/\/jnr-cpl.com\/?p=1277\"> Read More<span class=\"screen-reader-text\">  Read More<\/span><\/a><\/p>\n","protected":false},"author":1,"featured_media":0,"comment_status":"closed","ping_status":"open","sticky":false,"template":"","format":"standard","meta":{"footnotes":""},"categories":[19,18],"tags":[],"class_list":["post-1277","post","type-post","status-publish","format-standard","hentry","category-actualite-de-la-deportation","category-actualite-de-la-resistance"],"_links":{"self":[{"href":"http:\/\/jnr-cpl.com\/index.php?rest_route=\/wp\/v2\/posts\/1277","targetHints":{"allow":["GET"]}}],"collection":[{"href":"http:\/\/jnr-cpl.com\/index.php?rest_route=\/wp\/v2\/posts"}],"about":[{"href":"http:\/\/jnr-cpl.com\/index.php?rest_route=\/wp\/v2\/types\/post"}],"author":[{"embeddable":true,"href":"http:\/\/jnr-cpl.com\/index.php?rest_route=\/wp\/v2\/users\/1"}],"replies":[{"embeddable":true,"href":"http:\/\/jnr-cpl.com\/index.php?rest_route=%2Fwp%2Fv2%2Fcomments&post=1277"}],"version-history":[{"count":1,"href":"http:\/\/jnr-cpl.com\/index.php?rest_route=\/wp\/v2\/posts\/1277\/revisions"}],"predecessor-version":[{"id":1282,"href":"http:\/\/jnr-cpl.com\/index.php?rest_route=\/wp\/v2\/posts\/1277\/revisions\/1282"}],"wp:attachment":[{"href":"http:\/\/jnr-cpl.com\/index.php?rest_route=%2Fwp%2Fv2%2Fmedia&parent=1277"}],"wp:term":[{"taxonomy":"category","embeddable":true,"href":"http:\/\/jnr-cpl.com\/index.php?rest_route=%2Fwp%2Fv2%2Fcategories&post=1277"},{"taxonomy":"post_tag","embeddable":true,"href":"http:\/\/jnr-cpl.com\/index.php?rest_route=%2Fwp%2Fv2%2Ftags&post=1277"}],"curies":[{"name":"wp","href":"https:\/\/api.w.org\/{rel}","templated":true}]}}